{"id":1660,"date":"2026-09-01T22:26:11","date_gmt":"2026-09-01T21:26:11","guid":{"rendered":"https:\/\/sfs.infosyslab.fr\/?p=1660"},"modified":"2026-09-01T22:38:17","modified_gmt":"2026-09-01T21:38:17","slug":"constitution-du-conseil-dadministration-2026","status":"publish","type":"post","link":"https:\/\/sfs.infosyslab.fr\/index.php\/2026\/09\/01\/constitution-du-conseil-dadministration-2026\/","title":{"rendered":"Constitution du Conseil d&#8217;Administration 2026"},"content":{"rendered":"\n<p class=\"wp-block-paragraph\">Ch\u00e8res amies, chers amis de la Syst\u00e9matique,<\/p>\n\n\n\n<p class=\"wp-block-paragraph\">Nous vous communiquons comme il suit, la&nbsp;constitution&nbsp;du Conseil d&#8217;Administration de la Soci\u00e9t\u00e9 Fran\u00e7aise de Syst\u00e9matique, lors du dernier renouvellement partiel du Conseil :&nbsp;<\/p>\n\n\n\n<p class=\"wp-block-paragraph\">Deux nouveaux membres \u00e9lus, Didier Boussarie et Ren\u00e9 Zarag\u00fceta;<\/p>\n\n\n\n<p class=\"wp-block-paragraph\">Le Conseil d&#8217;Administration compte actuellement 15 membres :<\/p>\n\n\n\n<p class=\"wp-block-paragraph\">&#8211; Pr\u00e9sident : Guillaume Lecointre<br>&#8211; Vice-Pr\u00e9sident : J\u00e9r\u00e9mie Bardin<br>&#8211; Secr\u00e9taire g\u00e9n\u00e9ral : Paul Zaharias<br>&#8211; Secr\u00e9taire adjointe : Laetitia Carrive<br>&#8211; Tr\u00e9sorier g\u00e9n\u00e9ral : Nicolas Puillandre<br>&#8211; Tr\u00e9sorier adjoint : Valentin Rineau<br>&#8211; Responsable bulletin et publications : Bouziane Khalloufi&nbsp;<br>&#8211; Responsable communication et site web : Artemis Korniliou<br>&#8211; Conseillers : V\u00e9ronique Barriel, Nicolas Bekkouche, Guillaume Billet, Didier Boussarie, Mathieu Faure-Brac, R\u00e9gine Vignes-Lebbe, Ren\u00e9 Zarag\u00fceta Bagils<\/p>\n\n\n\n<p class=\"wp-block-paragraph\">Bien cordialement,<br>la SFS<\/p>\n\n\n\n<h1 class=\"wp-block-heading\">Membres du conseil<\/h1>\n\n\n\n<figure class=\"wp-block-image is-resized\"><img loading=\"lazy\" decoding=\"async\" width=\"1024\" height=\"691\" src=\"https:\/\/sfs.infosyslab.fr\/wp-content\/uploads\/2020\/12\/2016-03-31_NouvellesAvancees_PFretault_-1024x691.jpg\" alt=\"\" class=\"wp-image-753\" style=\"aspect-ratio:1.478448275862069;width:306px;height:auto\" srcset=\"https:\/\/sfs.infosyslab.fr\/wp-content\/uploads\/2020\/12\/2016-03-31_NouvellesAvancees_PFretault_-1024x691.jpg 1024w, https:\/\/sfs.infosyslab.fr\/wp-content\/uploads\/2020\/12\/2016-03-31_NouvellesAvancees_PFretault_-300x202.jpg 300w, https:\/\/sfs.infosyslab.fr\/wp-content\/uploads\/2020\/12\/2016-03-31_NouvellesAvancees_PFretault_-768x518.jpg 768w, https:\/\/sfs.infosyslab.fr\/wp-content\/uploads\/2020\/12\/2016-03-31_NouvellesAvancees_PFretault_.jpg 1468w\" sizes=\"auto, (max-width: 1024px) 100vw, 1024px\" \/><\/figure>\n\n\n\n<p class=\"wp-block-paragraph\"><strong>Guillaume Lecointre (Pr\u00e9sident)<\/strong><br>Mus\u00e9um national d\u2019Histoire naturelle<br>ISYEB UMR 7205 \u2013 CR2P (8 rue Buffon)<br>Case postale 24, 57 rue Cuvier, 75005 Paris<br>T\u00e9l.: +33 (0)1 40 79 37 51<br><a href=\"mailto:guillaume.lecointre@mnhn.fr\">guillaume.lecointre@mnhn.fr<\/a><\/p>\n\n\n\n<figure class=\"wp-block-image is-resized\"><a href=\"https:\/\/sfs.infosyslab.fr\/index.php\/membres-du-conseil\/_mg_6546\/\"><img loading=\"lazy\" decoding=\"async\" width=\"1024\" height=\"684\" src=\"https:\/\/sfs.infosyslab.fr\/wp-content\/uploads\/2015\/07\/MG_6546-1024x684.jpg\" alt=\"\" class=\"wp-image-621\" style=\"aspect-ratio:1.5024630541871922;width:271px;height:auto\" srcset=\"https:\/\/sfs.infosyslab.fr\/wp-content\/uploads\/2015\/07\/MG_6546-1024x684.jpg 1024w, https:\/\/sfs.infosyslab.fr\/wp-content\/uploads\/2015\/07\/MG_6546-300x200.jpg 300w, https:\/\/sfs.infosyslab.fr\/wp-content\/uploads\/2015\/07\/MG_6546-768x513.jpg 768w\" sizes=\"auto, (max-width: 1024px) 100vw, 1024px\" \/><\/a><\/figure>\n\n\n\n<p class=\"wp-block-paragraph\"><strong>J\u00e9r\u00e9mie Bardin (Vice-Pr\u00e9sident)<\/strong><br>Sorbonne Universit\u00e9<br>UMR 7207 CR2P CNRS MNHN SU<br>4 Place Jussieu, 5\u00e8me \u00e9tage, couloir 56-46, bureau 512<br>Case 104, 75005 Paris, France<br>T\u00e9l. : +33 (0)1 44 27 51 77<br><a href=\"mailto:jeremie.bardin@sorbonne-universite.fr\">jeremie.bardin@sorbonne-universite.fr<\/a>&nbsp;<\/p>\n\n\n\n<figure class=\"wp-block-image is-resized\"><a href=\"https:\/\/sfs.infosyslab.fr\/index.php\/membres-du-conseil\/photo_pz\/\"><img loading=\"lazy\" decoding=\"async\" width=\"891\" height=\"724\" src=\"https:\/\/sfs.infosyslab.fr\/wp-content\/uploads\/2019\/02\/Photo_PZ.jpg\" alt=\"\" class=\"wp-image-645\" style=\"aspect-ratio:1.2295918367346939;width:246px;height:auto\" srcset=\"https:\/\/sfs.infosyslab.fr\/wp-content\/uploads\/2019\/02\/Photo_PZ.jpg 891w, https:\/\/sfs.infosyslab.fr\/wp-content\/uploads\/2019\/02\/Photo_PZ-300x244.jpg 300w, https:\/\/sfs.infosyslab.fr\/wp-content\/uploads\/2019\/02\/Photo_PZ-768x624.jpg 768w\" sizes=\"auto, (max-width: 891px) 100vw, 891px\" \/><\/a><\/figure>\n\n\n\n<p class=\"wp-block-paragraph\"><strong>Paul Zaharias&nbsp; (Secr\u00e9taire g\u00e9n\u00e9ral)<br><\/strong>Mus\u00e9um national d\u2019Histoire naturelle<br>UMR 7205, ISYEB<br>43 rue Cuvier, 75005 Paris<br><a href=\"mailto:paul.zaharias@mnhn.fr\">paul.zaharias@mnhn.fr<\/a><\/p>\n\n\n\n<figure class=\"wp-block-image is-resized\"><a href=\"https:\/\/sfs.infosyslab.fr\/index.php\/membres-du-conseil\/laetitia_carrive_photo\/\"><img loading=\"lazy\" decoding=\"async\" width=\"768\" height=\"1024\" src=\"https:\/\/sfs.infosyslab.fr\/wp-content\/uploads\/2025\/12\/Laetitia_Carrive_photo-768x1024.jpg\" alt=\"\" class=\"wp-image-1262\" style=\"aspect-ratio:0.749034749034749;width:196px;height:auto\" srcset=\"https:\/\/sfs.infosyslab.fr\/wp-content\/uploads\/2025\/12\/Laetitia_Carrive_photo-768x1024.jpg 768w, https:\/\/sfs.infosyslab.fr\/wp-content\/uploads\/2025\/12\/Laetitia_Carrive_photo-225x300.jpg 225w, https:\/\/sfs.infosyslab.fr\/wp-content\/uploads\/2025\/12\/Laetitia_Carrive_photo-1152x1536.jpg 1152w, https:\/\/sfs.infosyslab.fr\/wp-content\/uploads\/2025\/12\/Laetitia_Carrive_photo-1536x2048.jpg 1536w, https:\/\/sfs.infosyslab.fr\/wp-content\/uploads\/2025\/12\/Laetitia_Carrive_photo-scaled.jpg 1920w\" sizes=\"auto, (max-width: 768px) 100vw, 768px\" \/><\/a><\/figure>\n\n\n\n<p class=\"wp-block-paragraph\"><strong>Laetitia Carrive (Secr\u00e9taire adjointe)<br><\/strong>Mus\u00e9um national d\u2019Histoire naturelle<br>UMR 7205, ISYEB<br>Case postale 39, 16 rue Buffon, 75005 Paris<br><a href=\"mailto:laetitia.carrive@sorbonne-universite.fr\">laetitia.carrive@sorbonne-universite.fr<\/a><\/p>\n\n\n\n<figure class=\"wp-block-image is-resized\"><a href=\"https:\/\/sfs.infosyslab.fr\/index.php\/membres-du-conseil\/portrait-nico\/\"><img loading=\"lazy\" decoding=\"async\" width=\"300\" height=\"300\" src=\"https:\/\/sfs.infosyslab.fr\/wp-content\/uploads\/2020\/12\/Portrait-Nico.png\" alt=\"\" class=\"wp-image-746\" style=\"width:236px;height:auto\" srcset=\"https:\/\/sfs.infosyslab.fr\/wp-content\/uploads\/2020\/12\/Portrait-Nico.png 300w, https:\/\/sfs.infosyslab.fr\/wp-content\/uploads\/2020\/12\/Portrait-Nico-150x150.png 150w\" sizes=\"auto, (max-width: 300px) 100vw, 300px\" \/><\/a><\/figure>\n\n\n\n<p class=\"wp-block-paragraph\"><strong>Nicolas Puillandre (Tr\u00e9sorier)<\/strong><br>Mus\u00e9um national d\u2019Histoire naturelle<br>UMR 7205, ISYEB<br>43 rue Cuvier, 75005 Paris<strong><br><\/strong>T\u00e9l.: + 33 (0)1 40 79 31 66<br><a href=\"mailto:puillandre@mnhn.fr\">puillandre@mnhn.fr<\/a><\/p>\n\n\n\n<figure class=\"wp-block-image is-resized\"><a href=\"https:\/\/sfs.infosyslab.fr\/index.php\/membres-du-conseil\/_ai73149\/\"><img loading=\"lazy\" decoding=\"async\" width=\"310\" height=\"310\" src=\"https:\/\/sfs.infosyslab.fr\/wp-content\/uploads\/2015\/07\/ai73149.jpg\" alt=\"\" class=\"wp-image-622\" style=\"width:220px;height:auto\" srcset=\"https:\/\/sfs.infosyslab.fr\/wp-content\/uploads\/2015\/07\/ai73149.jpg 310w, https:\/\/sfs.infosyslab.fr\/wp-content\/uploads\/2015\/07\/ai73149-150x150.jpg 150w, https:\/\/sfs.infosyslab.fr\/wp-content\/uploads\/2015\/07\/ai73149-300x300.jpg 300w\" sizes=\"auto, (max-width: 310px) 100vw, 310px\" \/><\/a><\/figure>\n\n\n\n<p class=\"wp-block-paragraph\"><strong>Valentin Rineau (Tr\u00e9sorier adjoint)<br><\/strong>Sorbonne Universit\u00e9<br>UMR 7207 CR2P CNRS MNHN SU<br>4 Place Jussieu, couloir 56-46, 5\u00e8me \u00e9tage, bureau 506<br>Case 104, 75005 Paris (France)<br>T\u00e9l.: +33 (0)1 44 27 49 81<br><a href=\"mailto:valentin.rineau@sorbonne-universite.fr\">valentin.rineau@sorbonne-universite.fr<\/a><\/p>\n\n\n\n<figure class=\"wp-block-image is-resized\"><a href=\"https:\/\/sfs.infosyslab.fr\/wp-content\/uploads\/2023\/09\/photo-identite%CC%81.jpg\"><img decoding=\"async\" src=\"https:\/\/sfs.infosyslab.fr\/wp-content\/uploads\/2023\/09\/photo-identite%CC%81.jpg\" alt=\"\" class=\"wp-image-1020\" style=\"aspect-ratio:0.8605769230769231;width:198px;height:auto\"\/><\/a><\/figure>\n\n\n\n<p class=\"wp-block-paragraph\"><strong>Bouziane Khalloufi (Responsable bulletin et publications)<\/strong><br>PA GSMI, Universit\u00e9 Mohammed VI Polytechnique<br>Benguerir, Maroc<br><a href=\"mailto:khalloufi.bouziane@hotmail.fr\">khalloufi.bouziane@hotmail.fr&nbsp;<\/a><br><br><a href=\"https:\/\/sfs.infosyslab.fr\/index.php\/membres-du-conseil\/dsc_0779_1\/\"><img loading=\"lazy\" decoding=\"async\" width=\"224\" height=\"240\" srcset=\"https:\/\/sfs.infosyslab.fr\/wp-content\/uploads\/2020\/12\/DSC_0779_1-954x1024.jpg 954w, https:\/\/sfs.infosyslab.fr\/wp-content\/uploads\/2020\/12\/DSC_0779_1-280x300.jpg 280w, https:\/\/sfs.infosyslab.fr\/wp-content\/uploads\/2020\/12\/DSC_0779_1-768x824.jpg 768w, https:\/\/sfs.infosyslab.fr\/wp-content\/uploads\/2020\/12\/DSC_0779_1.jpg 982w\" src=\"https:\/\/sfs.infosyslab.fr\/wp-content\/uploads\/2020\/12\/DSC_0779_1-954x1024.jpg\" alt=\"\"><\/a><br><br><strong>Artemis Korniliou (Responsable communication et site web)<\/strong><br>Universit\u00e9 Paris 1 Panth\u00e9on-Sorbonne<br>UMR 8590, IHPST<br><a href=\"mailto:art.korni@gmail.com\">art.korni@gmail.com<\/a><br><\/p>\n\n\n\n<h3 class=\"wp-block-heading\">Conseillers<\/h3>\n\n\n\n<figure class=\"wp-block-image is-resized\"><a href=\"https:\/\/sfs.infosyslab.fr\/index.php\/membres-du-conseil\/barriel5\/\"><img loading=\"lazy\" decoding=\"async\" width=\"1024\" height=\"1024\" src=\"https:\/\/sfs.infosyslab.fr\/wp-content\/uploads\/2023\/09\/Barriel5-1024x1024.jpg\" alt=\"\" class=\"wp-image-1046\" style=\"width:224px;height:auto\" srcset=\"https:\/\/sfs.infosyslab.fr\/wp-content\/uploads\/2023\/09\/Barriel5-1024x1024.jpg 1024w, https:\/\/sfs.infosyslab.fr\/wp-content\/uploads\/2023\/09\/Barriel5-300x300.jpg 300w, https:\/\/sfs.infosyslab.fr\/wp-content\/uploads\/2023\/09\/Barriel5-150x150.jpg 150w, https:\/\/sfs.infosyslab.fr\/wp-content\/uploads\/2023\/09\/Barriel5-768x768.jpg 768w, https:\/\/sfs.infosyslab.fr\/wp-content\/uploads\/2023\/09\/Barriel5-1536x1536.jpg 1536w, https:\/\/sfs.infosyslab.fr\/wp-content\/uploads\/2023\/09\/Barriel5-2048x2048.jpg 2048w\" sizes=\"auto, (max-width: 1024px) 100vw, 1024px\" \/><\/a><\/figure>\n\n\n\n<p class=\"wp-block-paragraph\"><strong>V\u00e9ronique Barriel (Conseill\u00e8re)<\/strong><br>Mus\u00e9um national d\u2019Histoire naturelle<br>UMR 7207 CR2P CNRS MNHN SU<br>Case postale 38, 57 rue Cuvier, 75231 Paris Cedex 05<br>T\u00e9l. : +33 (0)1 40 79 31 71<br><a href=\"mailto:veronique.barriel@mnhn.fr\">veronique.barriel@mnhn.fr<\/a><\/p>\n\n\n\n<figure class=\"wp-block-image is-resized\"><a href=\"https:\/\/sfs.infosyslab.fr\/index.php\/membres-du-conseil\/nicolas_bekkouche_photo\/\"><img loading=\"lazy\" decoding=\"async\" width=\"623\" height=\"721\" src=\"https:\/\/sfs.infosyslab.fr\/wp-content\/uploads\/2025\/12\/Nicolas_Bekkouche_photo.png\" alt=\"\" class=\"wp-image-1263\" style=\"aspect-ratio:0.8636363636363636;width:209px;height:auto\" srcset=\"https:\/\/sfs.infosyslab.fr\/wp-content\/uploads\/2025\/12\/Nicolas_Bekkouche_photo.png 623w, https:\/\/sfs.infosyslab.fr\/wp-content\/uploads\/2025\/12\/Nicolas_Bekkouche_photo-259x300.png 259w\" sizes=\"auto, (max-width: 623px) 100vw, 623px\" \/><\/a><\/figure>\n\n\n\n<p class=\"wp-block-paragraph\"><strong>Nicolas Bekkouche (Conseiller)<br><\/strong>Sorbonne Universit\u00e9<br>UMR 8067, BOREA<br>Case postale 26, 43 rue Cuvier, 75005 Paris<br><a href=\"mailto:nicolas.bekkouche@hotmail.fr\">nicolas.bekkouche@hotmail.fr<\/a><\/p>\n\n\n\n<figure class=\"wp-block-image is-resized\"><a href=\"https:\/\/sfs.infosyslab.fr\/index.php\/membres-du-conseil\/moi_2016_picoseuropa\/\"><img loading=\"lazy\" decoding=\"async\" width=\"844\" height=\"764\" src=\"https:\/\/sfs.infosyslab.fr\/wp-content\/uploads\/2020\/12\/MOI_2016_PicosEuropa.jpg\" alt=\"\" class=\"wp-image-792\" style=\"aspect-ratio:1.1066666666666667;width:235px;height:auto\" srcset=\"https:\/\/sfs.infosyslab.fr\/wp-content\/uploads\/2020\/12\/MOI_2016_PicosEuropa.jpg 844w, https:\/\/sfs.infosyslab.fr\/wp-content\/uploads\/2020\/12\/MOI_2016_PicosEuropa-300x272.jpg 300w, https:\/\/sfs.infosyslab.fr\/wp-content\/uploads\/2020\/12\/MOI_2016_PicosEuropa-768x695.jpg 768w\" sizes=\"auto, (max-width: 844px) 100vw, 844px\" \/><\/a><\/figure>\n\n\n\n<p class=\"wp-block-paragraph\"><strong>Guillaume Billet (Conseiller)<\/strong><br>Mus\u00e9um national d\u2019Histoire naturelle<br>UMR 7207 CR2P CNRS MNHN SU<br>Case postale 38, 57 rue Cuvier, 75231 Paris Cedex 05<br>T\u00e9l. : +33 (0)1 40 79 38 14<br><a href=\"mailto:guillaume.billet@mnhn.fr\">guillaume.billet@mnhn.fr<\/a><\/p>\n\n\n\n<figure class=\"wp-block-image is-resized\"><a href=\"https:\/\/sfs.infosyslab.fr\/sony-dsc\/\"><img loading=\"lazy\" decoding=\"async\" width=\"704\" height=\"1024\" src=\"https:\/\/sfs.infosyslab.fr\/wp-content\/uploads\/2026\/07\/513-Copie-704x1024.jpg\" alt=\"\" class=\"wp-image-1423\" style=\"aspect-ratio:0.686411149825784;width:197px;height:auto\" srcset=\"https:\/\/sfs.infosyslab.fr\/wp-content\/uploads\/2026\/07\/513-Copie-704x1024.jpg 704w, https:\/\/sfs.infosyslab.fr\/wp-content\/uploads\/2026\/07\/513-Copie-206x300.jpg 206w, https:\/\/sfs.infosyslab.fr\/wp-content\/uploads\/2026\/07\/513-Copie-768x1117.jpg 768w, https:\/\/sfs.infosyslab.fr\/wp-content\/uploads\/2026\/07\/513-Copie-1056x1536.jpg 1056w, https:\/\/sfs.infosyslab.fr\/wp-content\/uploads\/2026\/07\/513-Copie.jpg 1301w\" sizes=\"auto, (max-width: 704px) 100vw, 704px\" \/><\/a><\/figure>\n\n\n\n<p class=\"wp-block-paragraph\"><strong>Didier Boussarie (Conseiller)<\/strong><br>Docteur V\u00e9t\u00e9rinaire, Praticien lib\u00e9ral<br>Pr\u00e9sident honoraire de l\u2019Acad\u00e9mie v\u00e9t\u00e9rinaire de France<br>Pr\u00e9sident honoraire du GENAC (Nouveaux animaux de compagnie)<br>3 rue du Clos 02000 Monampteuil&nbsp;<br>T\u00e9l. : +33 (0)6 15 94 07 50<br><a href=\"mailto:Didier.boussarie@wanadoo.fr\">Didier.boussarie@wanadoo.fr<\/a><\/p>\n\n\n\n<figure class=\"wp-block-image is-resized\"><a href=\"https:\/\/sfs.infosyslab.fr\/index.php\/membres-du-conseil\/photo2\/\"><img loading=\"lazy\" decoding=\"async\" width=\"932\" height=\"1024\" src=\"https:\/\/sfs.infosyslab.fr\/wp-content\/uploads\/2023\/09\/photo2-932x1024.jpg\" alt=\"\" class=\"wp-image-1039\" style=\"aspect-ratio:0.91324200913242;width:199px;height:auto\" srcset=\"https:\/\/sfs.infosyslab.fr\/wp-content\/uploads\/2023\/09\/photo2-932x1024.jpg 932w, https:\/\/sfs.infosyslab.fr\/wp-content\/uploads\/2023\/09\/photo2-273x300.jpg 273w, https:\/\/sfs.infosyslab.fr\/wp-content\/uploads\/2023\/09\/photo2-768x844.jpg 768w, https:\/\/sfs.infosyslab.fr\/wp-content\/uploads\/2023\/09\/photo2.jpg 972w\" sizes=\"auto, (max-width: 932px) 100vw, 932px\" \/><\/a><\/figure>\n\n\n\n<p class=\"wp-block-paragraph\"><strong>Mathieu Faure-Brac (Conseiller)<\/strong><br>Naturhistorisk museum, avdeling \u00d8kern,<br>Kabelgata 40, 0580 Oslo (Norv\u00e8ge)&nbsp;<br>T\u00e9l. : +33 (0)6 32 27 87 54<br><a href=\"mailto:faurebrac.mathieu@gmail.com\">faurebrac.mathieu@gmail.com<\/a><\/p>\n\n\n\n<figure class=\"wp-block-image is-resized\"><a href=\"https:\/\/sfs.infosyslab.fr\/wp-content\/uploads\/2015\/07\/regine.jpg\"><img loading=\"lazy\" decoding=\"async\" width=\"150\" height=\"165\" src=\"https:\/\/sfs.infosyslab.fr\/wp-content\/uploads\/2015\/07\/regine.jpg\" alt=\"\" class=\"wp-image-637\" style=\"aspect-ratio:0.9118942731277533;width:205px;height:auto\"\/><\/a><\/figure>\n\n\n\n<p class=\"wp-block-paragraph\"><strong>R\u00e9gine Vignes-Lebbe (Conseill\u00e8re)<\/strong>&nbsp;<br>Sorbonne Universit\u00e9<br>Laboratoire informatique et syst\u00e9matique<br>UMR 7205, ISYEB<br>Case postale 48, 57 rue Cuvier, 75231 Paris Cedex 05<br>T\u00e9l. : +33(0)1 40 79 80 61<br><a href=\"https:\/\/sfs.infosyslab.fr\/index.php\/membres-du-conseil\/regine.vignes_lebbe@sorbonne-universite.fr\">regine.vignes_lebbe@sorbonne-universite.fr<\/a><\/p>\n\n\n\n<figure class=\"wp-block-image is-resized\"><a href=\"https:\/\/sfs.infosyslab.fr\/rzb_2026\/\"><img loading=\"lazy\" decoding=\"async\" width=\"784\" height=\"1024\" src=\"https:\/\/sfs.infosyslab.fr\/wp-content\/uploads\/2026\/07\/RZB_2026-784x1024.jpg\" alt=\"\" class=\"wp-image-1422\" style=\"aspect-ratio:0.768;width:192px;height:auto\" srcset=\"https:\/\/sfs.infosyslab.fr\/wp-content\/uploads\/2026\/07\/RZB_2026-784x1024.jpg 784w, https:\/\/sfs.infosyslab.fr\/wp-content\/uploads\/2026\/07\/RZB_2026-230x300.jpg 230w, https:\/\/sfs.infosyslab.fr\/wp-content\/uploads\/2026\/07\/RZB_2026-768x1003.jpg 768w, https:\/\/sfs.infosyslab.fr\/wp-content\/uploads\/2026\/07\/RZB_2026.jpg 1080w\" sizes=\"auto, (max-width: 784px) 100vw, 784px\" \/><\/a><\/figure>\n\n\n\n<p class=\"wp-block-paragraph\"><strong>Ren\u00e9 Zarag\u00fceta Bagils (Conseiller)<\/strong>&nbsp;<br>Mus\u00e9um national d\u2019Histoire naturelle<br>Laboratoire informatique et syst\u00e9matique<br>UMR 7205, ISYEB<br>Case postale 48, 57 rue Cuvier, 75005 Paris<br><a href=\"mailto:Rene.Zaragueta_Bagils@sorbonne-universite.fr\">Rene.Zaragueta_Bagils@sorbonne-universite.fr<\/a><\/p>\n","protected":false},"excerpt":{"rendered":"<p>Ch\u00e8res amies, chers amis de la Syst\u00e9matique, Nous vous communiquons comme il suit, la&nbsp;constitution&nbsp;du Conseil d&#8217;Administration de la Soci\u00e9t\u00e9 Fran\u00e7aise de Syst\u00e9matique, lors du dernier renouvellement partiel du Conseil :&nbsp; Deux nouveaux membres \u00e9lus, Didier Boussarie et Ren\u00e9 Zarag\u00fceta; Le Conseil d&#8217;Administration compte actuellement 15 membres : &#8211; Pr\u00e9sident : Guillaume Lecointre&#8211; Vice-Pr\u00e9sident : J\u00e9r\u00e9mie [&hellip;]<\/p>\n","protected":false},"author":6,"featured_media":0,"comment_status":"open","ping_status":"open","sticky":false,"template":"","format":"standard","meta":{"_monsterinsights_skip_tracking":false,"footnotes":""},"categories":[1],"tags":[],"class_list":["post-1660","post","type-post","status-publish","format-standard","hentry","category-non-classe"],"_links":{"self":[{"href":"https:\/\/sfs.infosyslab.fr\/index.php\/wp-json\/wp\/v2\/posts\/1660","targetHints":{"allow":["GET"]}}],"collection":[{"href":"https:\/\/sfs.infosyslab.fr\/index.php\/wp-json\/wp\/v2\/posts"}],"about":[{"href":"https:\/\/sfs.infosyslab.fr\/index.php\/wp-json\/wp\/v2\/types\/post"}],"author":[{"embeddable":true,"href":"https:\/\/sfs.infosyslab.fr\/index.php\/wp-json\/wp\/v2\/users\/6"}],"replies":[{"embeddable":true,"href":"https:\/\/sfs.infosyslab.fr\/index.php\/wp-json\/wp\/v2\/comments?post=1660"}],"version-history":[{"count":7,"href":"https:\/\/sfs.infosyslab.fr\/index.php\/wp-json\/wp\/v2\/posts\/1660\/revisions"}],"predecessor-version":[{"id":1672,"href":"https:\/\/sfs.infosyslab.fr\/index.php\/wp-json\/wp\/v2\/posts\/1660\/revisions\/1672"}],"wp:attachment":[{"href":"https:\/\/sfs.infosyslab.fr\/index.php\/wp-json\/wp\/v2\/media?parent=1660"}],"wp:term":[{"taxonomy":"category","embeddable":true,"href":"https:\/\/sfs.infosyslab.fr\/index.php\/wp-json\/wp\/v2\/categories?post=1660"},{"taxonomy":"post_tag","embeddable":true,"href":"https:\/\/sfs.infosyslab.fr\/index.php\/wp-json\/wp\/v2\/tags?post=1660"}],"curies":[{"name":"wp","href":"https:\/\/api.w.org\/{rel}","templated":true}]}}