{"id":1669,"date":"2026-09-01T22:33:18","date_gmt":"2026-09-01T21:33:18","guid":{"rendered":"https:\/\/sfs.infosyslab.fr\/?p=1669"},"modified":"2026-09-01T22:33:19","modified_gmt":"2026-09-01T21:33:19","slug":"parution-biosystema-n33-histoires-de-systematiciens-les-40-ans-de-la-societe-francaise-de-systematique","status":"publish","type":"post","link":"https:\/\/sfs.infosyslab.fr\/index.php\/2026\/09\/01\/parution-biosystema-n33-histoires-de-systematiciens-les-40-ans-de-la-societe-francaise-de-systematique\/","title":{"rendered":"Parution : Biosystema n\u00b033 &#8220;Histoires de syst\u00e9maticiens. Les 40 ans de la Soci\u00e9t\u00e9 fran\u00e7aise de syst\u00e9matique&#8221;"},"content":{"rendered":"\n<p class=\"wp-block-paragraph\">Ch\u00e8res amies, chers amis de la Syst\u00e9matique,&nbsp;<\/p>\n\n\n\n<p class=\"wp-block-paragraph\">Le nouveau num\u00e9ro de&nbsp;<em>Biosystema<\/em>, issu des journ\u00e9es des 40 ans de la Soci\u00e9t\u00e9 fran\u00e7aise de Syst\u00e9matique, coordonn\u00e9 par Valentin Rineau et V\u00e9ronique Barriel, intitul\u00e9 &#8220;Histoires de syst\u00e9maticiens. Les 40 ans de la Soci\u00e9t\u00e9 fran\u00e7aise de syst\u00e9matique&#8221;, est&nbsp;d\u00e9sormais disponible aux \u00c9ditions Mat\u00e9riologiques.&nbsp;<\/p>\n\n\n\n<p class=\"wp-block-paragraph\">Vous trouverez en cliquant sur les liens suivants les informations pour commander la revue, ainsi que la pr\u00e9sentation du num\u00e9ro avec la fiche technique :&nbsp;<\/p>\n\n\n\n<p class=\"wp-block-paragraph\">En version papier :&nbsp;<a href=\"https:\/\/www.materiologiques.com\/biosystema-histoires-de-systematiciens\">https:\/\/www.materiologiques.com\/biosystema-histoires-de-systematiciens<\/a>&nbsp;<\/p>\n\n\n\n<p class=\"wp-block-paragraph\">Ainsi qu&#8217;en version num\u00e9rique sur CAIRN :&nbsp;<a href=\"https:\/\/stm.cairn.info\/revue-biosystema-2026-1?lang=fr\">https:\/\/stm.cairn.info\/revue-biosystema-2026-1?lang=fr<\/a><\/p>\n\n\n\n<p class=\"wp-block-paragraph\">Nous vous souhaitons une bonne lecture!<\/p>\n\n\n\n<p class=\"wp-block-paragraph\">Bien cordialement,<br>la SFS<\/p>\n\n\n<div class=\"wp-block-image\">\n<figure class=\"aligncenter size-large is-resized\"><a href=\"https:\/\/sfs.infosyslab.fr\/wp-content\/uploads\/2026\/09\/Biosystema33.jpg\"><img loading=\"lazy\" decoding=\"async\" width=\"725\" height=\"1024\" src=\"https:\/\/sfs.infosyslab.fr\/wp-content\/uploads\/2026\/09\/Biosystema33-725x1024.jpg\" alt=\"\" class=\"wp-image-1659\" style=\"aspect-ratio:0.708018616006714;width:229px;height:auto\" srcset=\"https:\/\/sfs.infosyslab.fr\/wp-content\/uploads\/2026\/09\/Biosystema33-725x1024.jpg 725w, https:\/\/sfs.infosyslab.fr\/wp-content\/uploads\/2026\/09\/Biosystema33-213x300.jpg 213w, https:\/\/sfs.infosyslab.fr\/wp-content\/uploads\/2026\/09\/Biosystema33-768x1084.jpg 768w, https:\/\/sfs.infosyslab.fr\/wp-content\/uploads\/2026\/09\/Biosystema33-1088x1536.jpg 1088w, https:\/\/sfs.infosyslab.fr\/wp-content\/uploads\/2026\/09\/Biosystema33.jpg 1339w\" sizes=\"auto, (max-width: 725px) 100vw, 725px\" \/><\/a><\/figure>\n<\/div>","protected":false},"excerpt":{"rendered":"<p>Ch\u00e8res amies, chers amis de la Syst\u00e9matique,&nbsp; Le nouveau num\u00e9ro de&nbsp;Biosystema, issu des journ\u00e9es des 40 ans de la Soci\u00e9t\u00e9 fran\u00e7aise de Syst\u00e9matique, coordonn\u00e9 par Valentin Rineau et V\u00e9ronique Barriel, intitul\u00e9 &#8220;Histoires de syst\u00e9maticiens. Les 40 ans de la Soci\u00e9t\u00e9 fran\u00e7aise de syst\u00e9matique&#8221;, est&nbsp;d\u00e9sormais disponible aux \u00c9ditions Mat\u00e9riologiques.&nbsp; Vous trouverez en cliquant sur les liens [&hellip;]<\/p>\n","protected":false},"author":6,"featured_media":0,"comment_status":"open","ping_status":"open","sticky":false,"template":"","format":"standard","meta":{"_monsterinsights_skip_tracking":false,"footnotes":""},"categories":[1],"tags":[],"class_list":["post-1669","post","type-post","status-publish","format-standard","hentry","category-non-classe"],"_links":{"self":[{"href":"https:\/\/sfs.infosyslab.fr\/index.php\/wp-json\/wp\/v2\/posts\/1669","targetHints":{"allow":["GET"]}}],"collection":[{"href":"https:\/\/sfs.infosyslab.fr\/index.php\/wp-json\/wp\/v2\/posts"}],"about":[{"href":"https:\/\/sfs.infosyslab.fr\/index.php\/wp-json\/wp\/v2\/types\/post"}],"author":[{"embeddable":true,"href":"https:\/\/sfs.infosyslab.fr\/index.php\/wp-json\/wp\/v2\/users\/6"}],"replies":[{"embeddable":true,"href":"https:\/\/sfs.infosyslab.fr\/index.php\/wp-json\/wp\/v2\/comments?post=1669"}],"version-history":[{"count":2,"href":"https:\/\/sfs.infosyslab.fr\/index.php\/wp-json\/wp\/v2\/posts\/1669\/revisions"}],"predecessor-version":[{"id":1671,"href":"https:\/\/sfs.infosyslab.fr\/index.php\/wp-json\/wp\/v2\/posts\/1669\/revisions\/1671"}],"wp:attachment":[{"href":"https:\/\/sfs.infosyslab.fr\/index.php\/wp-json\/wp\/v2\/media?parent=1669"}],"wp:term":[{"taxonomy":"category","embeddable":true,"href":"https:\/\/sfs.infosyslab.fr\/index.php\/wp-json\/wp\/v2\/categories?post=1669"},{"taxonomy":"post_tag","embeddable":true,"href":"https:\/\/sfs.infosyslab.fr\/index.php\/wp-json\/wp\/v2\/tags?post=1669"}],"curies":[{"name":"wp","href":"https:\/\/api.w.org\/{rel}","templated":true}]}}