{"id":225,"date":"2016-04-21T16:31:50","date_gmt":"2016-04-21T15:31:50","guid":{"rendered":"http:\/\/sfs.snv.jussieu.fr\/?p=225"},"modified":"2016-04-21T16:32:50","modified_gmt":"2016-04-21T15:32:50","slug":"conference-table-ronde-temporalite-environnement-dans-la-redefinition-de-lindividu-biologique","status":"publish","type":"post","link":"https:\/\/sfs.infosyslab.fr\/index.php\/2016\/04\/21\/conference-table-ronde-temporalite-environnement-dans-la-redefinition-de-lindividu-biologique\/","title":{"rendered":"Conf\u00e9rence Table Ronde : Temporalit\u00e9 &#038; environnement dans la red\u00e9finition de l&#8217;individu biologique"},"content":{"rendered":"<p>Le vendredi 22 Avril \u00e0 14 heures \u00e0 l&#8217;amphi Rouelle, Guillaume Lecointre et l&#8217;\u00e9quipe des philosophes de l&#8217;\u00e9cole normale sup\u00e9rieure de Lyon examineront la notion d&#8217;individu, du point de vue biologique et du point de vue philosophique.<\/p>\n<p><a href=\"http:\/\/sfs.snv.jussieu.fr\/wp-content\/uploads\/2016\/04\/Programme-table-ronde.pdf\">Programme table ronde<\/a><\/p>\n<p><a href=\"http:\/\/sfs.snv.jussieu.fr\/wp-content\/uploads\/2016\/04\/plans-du-jardin-avec-rue-Buffon-et-Rouelle1.pdf\">Plans du jardin avec rue Buffon et Rouelle<\/a><\/p>\n","protected":false},"excerpt":{"rendered":"<p>Le vendredi 22 Avril \u00e0 14 heures \u00e0 l&#8217;amphi Rouelle, Guillaume Lecointre et l&#8217;\u00e9quipe des philosophes de l&#8217;\u00e9cole normale sup\u00e9rieure de Lyon examineront la notion d&#8217;individu, du point de vue biologique et du point de vue philosophique. Programme table ronde Plans du jardin avec rue Buffon et Rouelle<\/p>\n","protected":false},"author":1,"featured_media":0,"comment_status":"open","ping_status":"open","sticky":false,"template":"","format":"standard","meta":{"_monsterinsights_skip_tracking":false,"_monsterinsights_sitenote_active":false,"_monsterinsights_sitenote_note":"","_monsterinsights_sitenote_category":0,"footnotes":""},"categories":[1],"tags":[],"class_list":["post-225","post","type-post","status-publish","format-standard","hentry","category-non-classe"],"_links":{"self":[{"href":"https:\/\/sfs.infosyslab.fr\/index.php\/wp-json\/wp\/v2\/posts\/225","targetHints":{"allow":["GET"]}}],"collection":[{"href":"https:\/\/sfs.infosyslab.fr\/index.php\/wp-json\/wp\/v2\/posts"}],"about":[{"href":"https:\/\/sfs.infosyslab.fr\/index.php\/wp-json\/wp\/v2\/types\/post"}],"author":[{"embeddable":true,"href":"https:\/\/sfs.infosyslab.fr\/index.php\/wp-json\/wp\/v2\/users\/1"}],"replies":[{"embeddable":true,"href":"https:\/\/sfs.infosyslab.fr\/index.php\/wp-json\/wp\/v2\/comments?post=225"}],"version-history":[{"count":3,"href":"https:\/\/sfs.infosyslab.fr\/index.php\/wp-json\/wp\/v2\/posts\/225\/revisions"}],"predecessor-version":[{"id":230,"href":"https:\/\/sfs.infosyslab.fr\/index.php\/wp-json\/wp\/v2\/posts\/225\/revisions\/230"}],"wp:attachment":[{"href":"https:\/\/sfs.infosyslab.fr\/index.php\/wp-json\/wp\/v2\/media?parent=225"}],"wp:term":[{"taxonomy":"category","embeddable":true,"href":"https:\/\/sfs.infosyslab.fr\/index.php\/wp-json\/wp\/v2\/categories?post=225"},{"taxonomy":"post_tag","embeddable":true,"href":"https:\/\/sfs.infosyslab.fr\/index.php\/wp-json\/wp\/v2\/tags?post=225"}],"curies":[{"name":"wp","href":"https:\/\/api.w.org\/{rel}","templated":true}]}}