{"id":234,"date":"2016-05-10T08:32:56","date_gmt":"2016-05-10T07:32:56","guid":{"rendered":"http:\/\/sfs.snv.jussieu.fr\/?p=234"},"modified":"2016-05-10T08:51:34","modified_gmt":"2016-05-10T07:51:34","slug":"origines-et-rayonnement-international-de-la-societe-zoologique-dacclimatation-de-france","status":"publish","type":"post","link":"https:\/\/sfs.infosyslab.fr\/index.php\/2016\/05\/10\/origines-et-rayonnement-international-de-la-societe-zoologique-dacclimatation-de-france\/","title":{"rendered":"Pr\u00e9sentation : &#8220;Origines et rayonnement international de la Soci\u00e9t\u00e9 Zoologique d&#8217;Acclimatation de France&#8221;"},"content":{"rendered":"<p>Par Monsieur <strong>Santiago Aragon<\/strong> (Universit\u00e9 Pierre et Marie Curie\/ISCC), <strong>le jeudi 12 mai<\/strong> 2016 \u00e0 partir de <strong>17h30<\/strong> au Jardin des Plantes salle Claude H\u00e9l\u00e8ne (baleine 4).<\/p>\n<p>Claude Blanckaert et Arnaud Hurel ont le plaisir de vous convier \u00e0 la derni\u00e8re s\u00e9ance de la session 2015-2016 du s\u00e9minaire <b>\u00ab Le Mus\u00e9um national d&#8217;histoire naturelle, objet d&#8217;histoire<\/b>.\u00a0<b>Recherches, hommes, institutions, patrimoine, enseignement \u00bb<\/b> (Centre Alexandre Koyr\u00e9\/Mus\u00e9um national d&#8217;histoire naturelle).<\/p>\n<div align=\"justify\">Le 10 f\u00e9vrier 1854, la Soci\u00e9t\u00e9 zoologique d\u2019acclimatation de France fut cr\u00e9\u00e9e \u00e0 Paris, promue par Isidore Geoffroy Saint-Hilaire. Son but principal \u00e9tait l\u2019introduction, l\u2019acclimatation et la domestication en France d\u2019animaux exotiques utiles, afin de doter l\u2019agriculture et l\u2019industrie de nouvelles ressources. La Soci\u00e9t\u00e9 eut d\u00e8s sa formation une vocation universelle. Pourtant, ce rayonnement international reste encore peu abord\u00e9. Une \u00e9tude de cas, centr\u00e9e sur l\u2019Espagne, permet d\u2019approfondir le d\u00e9bat. La pens\u00e9e scientifique qui animait le projet \u00e9tait ax\u00e9e sur la Th\u00e9orie de la variabilit\u00e9 limit\u00e9e du type, due \u00e0 Isidore Geoffroy Saint-Hilaire. Cependant, il n\u2019a pas \u00e9t\u00e9 question du transformisme au moment de la cr\u00e9ation de la Soci\u00e9t\u00e9, car le passage d\u2019une esp\u00e8ce \u00e0 une autre ne fait pas partie du d\u00e9bat. Les fondements de la Soci\u00e9t\u00e9 semblent plut\u00f4t \u00eatre b\u00e2tis sur l\u2019int\u00e9r\u00eat du programme pour le bien-\u00eatre public.<\/div>\n<div align=\"justify\">\n<div>Le s\u00e9minaire est d\u2019acc\u00e8s libre, sans formalit\u00e9 d\u2019inscription pr\u00e9alable.<\/div>\n<\/div>\n<div align=\"justify\">\n<div>Des informations compl\u00e9mentaires sur cette s\u00e9ance et le s\u00e9minaire sont disponibles sur le Carnet du s\u00e9minaire \u00e0 l&#8217;adresse suivante :\u00a0<a href=\"http:\/\/objethistoire.hypotheses.org\/\" target=\"_blank\">http:\/\/objethistoire.hypotheses.org<\/a><\/div>\n<\/div>\n","protected":false},"excerpt":{"rendered":"<p>Par Monsieur Santiago Aragon (Universit\u00e9 Pierre et Marie Curie\/ISCC), le jeudi 12 mai 2016 \u00e0 partir de 17h30 au Jardin des Plantes salle Claude H\u00e9l\u00e8ne (baleine 4). Claude Blanckaert et Arnaud Hurel ont le plaisir de vous convier \u00e0 la derni\u00e8re s\u00e9ance de la session 2015-2016 du s\u00e9minaire \u00ab Le Mus\u00e9um national d&#8217;histoire naturelle, objet [&hellip;]<\/p>\n","protected":false},"author":1,"featured_media":0,"comment_status":"open","ping_status":"open","sticky":false,"template":"","format":"standard","meta":{"_monsterinsights_skip_tracking":false,"_monsterinsights_sitenote_active":false,"_monsterinsights_sitenote_note":"","_monsterinsights_sitenote_category":0,"footnotes":""},"categories":[1],"tags":[],"class_list":["post-234","post","type-post","status-publish","format-standard","hentry","category-non-classe"],"_links":{"self":[{"href":"https:\/\/sfs.infosyslab.fr\/index.php\/wp-json\/wp\/v2\/posts\/234","targetHints":{"allow":["GET"]}}],"collection":[{"href":"https:\/\/sfs.infosyslab.fr\/index.php\/wp-json\/wp\/v2\/posts"}],"about":[{"href":"https:\/\/sfs.infosyslab.fr\/index.php\/wp-json\/wp\/v2\/types\/post"}],"author":[{"embeddable":true,"href":"https:\/\/sfs.infosyslab.fr\/index.php\/wp-json\/wp\/v2\/users\/1"}],"replies":[{"embeddable":true,"href":"https:\/\/sfs.infosyslab.fr\/index.php\/wp-json\/wp\/v2\/comments?post=234"}],"version-history":[{"count":2,"href":"https:\/\/sfs.infosyslab.fr\/index.php\/wp-json\/wp\/v2\/posts\/234\/revisions"}],"predecessor-version":[{"id":242,"href":"https:\/\/sfs.infosyslab.fr\/index.php\/wp-json\/wp\/v2\/posts\/234\/revisions\/242"}],"wp:attachment":[{"href":"https:\/\/sfs.infosyslab.fr\/index.php\/wp-json\/wp\/v2\/media?parent=234"}],"wp:term":[{"taxonomy":"category","embeddable":true,"href":"https:\/\/sfs.infosyslab.fr\/index.php\/wp-json\/wp\/v2\/categories?post=234"},{"taxonomy":"post_tag","embeddable":true,"href":"https:\/\/sfs.infosyslab.fr\/index.php\/wp-json\/wp\/v2\/tags?post=234"}],"curies":[{"name":"wp","href":"https:\/\/api.w.org\/{rel}","templated":true}]}}