{"id":335,"date":"2016-09-21T16:10:12","date_gmt":"2016-09-21T15:10:12","guid":{"rendered":"http:\/\/sfs.snv.jussieu.fr\/?p=335"},"modified":"2016-09-21T16:10:12","modified_gmt":"2016-09-21T15:10:12","slug":"5emes-rencontres-doctorales-internationales-en-philosophie-des-sciences-de-la-societe-de-philosophie-des-sciences","status":"publish","type":"post","link":"https:\/\/sfs.infosyslab.fr\/index.php\/2016\/09\/21\/5emes-rencontres-doctorales-internationales-en-philosophie-des-sciences-de-la-societe-de-philosophie-des-sciences\/","title":{"rendered":"5\u00e8mes Rencontres doctorales internationales en philosophie des sciences de la Soci\u00e9t\u00e9 de Philosophie des sciences"},"content":{"rendered":"<p>Paris,<strong> 29-30 septembre 2016<\/strong><\/p>\n<p><strong>Lieu:<\/strong> Paris, Institut d&#8217;Histoire et de Philosophie des Sciences et des Techniques (salle de conf\u00e9rence), 13 rue du Four 75006 Paris<\/p>\n<p><strong>Participant.e.s:<\/strong><br \/>\n&#8211; Thomas Bonnin ( University of Exeter)<br \/>\n&#8211; Renaud Fine (Universit\u00e9 Grenoble-Alpes)<br \/>\n&#8211; Jean-F\u00e9lix Gross (Universit\u00e9 Lyon 3)<br \/>\n&#8211; Marina Imocrante\u00a0 (Universit\u00e9 Vita-Salute San Raffaele, IUSS, Universit\u00e9 Panth\u00e9on-Sorbonne, IHPST)<br \/>\n&#8211; Jan Mar\u0161\u00e1lek (Institut de Philosophie de l\u2019Acad\u00e9mie tch\u00e8que des sciences, Prague)<br \/>\n&#8211; Michelizza Marzia (Universit\u00e9 Panth\u00e9on-Sorbonne, Universit\u00e9 d\u2019Urbino)<br \/>\n&#8211; M. Anthony Mills (University of Notre Dame)<br \/>\n&#8211; Romain Sauzet (Universit\u00e9 Lyon 3)<br \/>\n&#8211; \u00c9glantine Schmitt (Universit\u00e9 de technologie de Compi\u00e8gne)<br \/>\n&#8211; David Waszek (Universit\u00e9 Panth\u00e9on-Sorbonne, IHPST)<\/p>\n<div>\n<strong>Conf\u00e9rencier.e.s Invit\u00e9.e.s :<\/strong><br \/>\n&#8211; Valeria Giardino\u202f(Universit\u00e9 de Lorraine)<br \/>\n&#8211; C\u00e9dric Paternotte (Universit\u00e9 Paris-Sorbonne)Programme:<\/p>\n<p><strong>Jeudi 29 septembre<\/strong><\/div>\n<div><\/div>\n<p>\u00c0 partir de 9h00 : accueil des participant.e.s<\/p>\n<p>10h10. Conf\u00e9rence d\u2019ouverture : C\u00e9dric Paternotte (Universit\u00e9 Paris-Sorbonne), \u00ab\u202fVices, vertus, consensus et succ\u00e8s scientifique\u202f\u00bb<\/p>\n<div>Pause-caf\u00e9 (10 minutes)<\/div>\n<div><\/div>\n<div>11:10 \u2013 11:50 \u00c9glantine Schmitt (Universit\u00e9 de technologie de Compi\u00e8gne),\u00a0 \u00ab\u202fLe probl\u00e8me de la d\u00e9cision dans les data sciences\u202f\u00bb<\/div>\n<div>11:50 \u2013 12:30 Romain Sauzet (Universit\u00e9 Lyon 3),\u00a0 \u00ab\u202fValeurs \u00e9pist\u00e9miques et activit\u00e9 scientifique\u202f\u00bb<\/div>\n<div><\/div>\n<div>Pause-d\u00e9jeuner (1h30)<\/div>\n<div><\/div>\n<div>14:00 \u2013 14:40 Jan Marsalek (Institut de Philosophie de l\u2019Acad\u00e9mie tch\u00e8que des sciences), \u00ab Transformations, d\u00e9gradations, disparitions des objets scientifiques \u00bb<\/div>\n<div>14:40 \u2013 15:20 Renaud Fine\u202f(Universit\u00e9 Grenoble-Alpes), \u00ab\u202fOrdonner la science dans une soci\u00e9t\u00e9 d\u00e9mocratique\u202f\u00bb<\/div>\n<div><\/div>\n<div>Pause-caf\u00e9 (20 minutes)<\/div>\n<div><\/div>\n<div><span lang=\"en-US\">15:40 \u2013 16:20 Thomas Bonnin (University of Exeter)<\/span>, \u00ab\u202fUtiliser des mod\u00e8les en sciences historiques\u202f\u00bb<\/div>\n<div><\/div>\n<div><strong>Vendredi 30 septembre<\/strong><\/div>\n<div><\/div>\n<div>\u00c0 partir de 9h00 : accueil des participant.e.s<\/div>\n<div><\/div>\n<div>10:00 \u2013 10:40 David Waszek (Universit\u00e9 Panth\u00e9on-Sorbonne),\u00a0 \u00ab\u202fLire les figures et les formules en math\u00e9matiques\u202f\u00bb<\/div>\n<p>10:40 \u2013 11:20 Marina Imocrante\u202f (Universit\u00e9s Vita-Salute San Raffaele et Panth\u00e9on-Sorbonne), \u00ab\u202fLe d\u00e9bat actuel autour de l\u2019applicabilit\u00e9 des math\u00e9matiques\u202f\u00bb<\/p>\n<div>11:20 \u2013 12:00 Jean-F\u00e9lix Gross (Universit\u00e9 Lyon 3), \u00ab Epist\u00e9mologie et effet placebo \u00bb<\/div>\n<div><\/div>\n<div><span lang=\"it\">Pause-d\u00e9jeuner (1h30)<\/span><\/div>\n<div><\/div>\n<div><span lang=\"it\">13:30 \u2013 14:10 Michelizza Mar<\/span><span lang=\"it\">zia<\/span><span lang=\"it\"> (<\/span><span lang=\"it\">Universit\u00e9 Panth\u00e9on-Sorbonne, Universit\u00e9 d\u2019Urbino<\/span><span lang=\"it\">)<\/span><span lang=\"it\">,\u00a0<\/span> \u00ab\u202fEsprit et cerveau\u202f: localisation, causalit\u00e9 et contexte exp\u00e9rimental\u202f\u00bb<\/div>\n<div><span lang=\"en-US\">14:10 \u2013 14h50 M. Anthony Mills <\/span><span lang=\"en-US\">(<\/span> <span lang=\"en-US\">University of Notre Dame<\/span><span lang=\"en-US\">)<\/span><span lang=\"en-US\">,<\/span> <span lang=\"en-US\">\u00ab\u202fMeyerson, Friedman, and Kant: the role of the a priori in science \u00bb<\/span><\/div>\n<div><\/div>\n<div>Pause-caf\u00e9 (20 minutes)<\/div>\n<div><\/div>\n<div>15:10 \u2013 16:10 Conf\u00e9rence de cl\u00f4ture : Valeria Giardino\u202f(Universit\u00e9 de Lorraine), \u00ab\u202fLe r\u00f4le des artefacts cognitifs dans le raisonnement scientifique\u202f\u00bb<\/div>\n<p>16h10-16h20 : cl\u00f4ture des RDIPS<\/p>\n<p>Manifestation organis\u00e9e par la Soci\u00e9t\u00e9 de Philosophie des Sciences (SPS) et l&#8217;Institut d&#8217;Histoire et de Philosophie des Sciences et des Technique (IHPST) avec le soutien de l&#8217;ED Philosophie de l&#8217;Universit\u00e9 Paris 1 Panth\u00e9on-Sorbonne, l&#8217;EA Philosophie des normes de l&#8217;Universit\u00e9 de Rennes 1, l&#8217;ED Concepts et Langages de l&#8217;Universit\u00e9 Paris-Sorbonne et l&#8217;ED Langages, espaces, temps, soci\u00e9t\u00e9s de l&#8217;Universit\u00e9 de Franche-Comt\u00e9.<\/p>\n<p><strong>Comit\u00e9 d&#8217;organisation<\/strong><\/p>\n<div align=\"justify\">Charles Braverman (Universit\u00e9 de Lorraine, AHP)<\/div>\n<div align=\"justify\">R\u00e9gis Catinaud (Universit\u00e9 de Lorraine, AHP)<\/div>\n<div align=\"justify\"><span lang=\"it\">Anna Maria Dieli (Universit\u00e0 degli Studi di Roma \u201cTor Vergata\u201d &#8211; Universit\u00e9 Paris 1 Panth\u00e9on-Sorbonne)<\/span><\/div>\n<div align=\"justify\">Juliette Ferry (Universit\u00e9 Paris IV Paris-Sorbonne)<\/div>\n<div align=\"justify\"><span lang=\"it\">Gabriel Giovannetti (Aix-Marseille Universit\u00e9)<\/span><\/div>\n<div align=\"justify\">Stefan Jokulsson\u00a0(Universit\u00e9 de Lorraine, AHP)<\/div>\n<div align=\"justify\">Victor Lef\u00e8vre (Universit\u00e9 Paris 1 Panth\u00e9on-Sorbonne)<\/div>\n<div align=\"justify\">Marie Michon (Universit\u00e9 Paris 1 Panth\u00e9on-Sorbonne)<\/div>\n<div align=\"justify\">Youna Tonnerre (Universit\u00e9 de Rennes 1)<\/div>\n<p>En collaboration avec Francesca Merlin (IHPST, Paris, vice-pr\u00e9sidente \u00ab\u00a0jeunes chercheurs\u00a0\u00bb de la SPS)<\/p>\n<p><strong>Comit\u00e9 scientifique<\/strong><\/p>\n<div align=\"justify\">Anouk Barberousse (Paris IV Paris-Sorbonne)<\/div>\n<div align=\"justify\">Soazig Le Bihan (Universit\u00e9 du Montana)<\/div>\n<div align=\"justify\">Nadine de Courtenay (Universit\u00e9 Paris Diderot)<\/div>\n<div align=\"justify\">Max Kistler (Paris 1 Panth\u00e9on-Sorbonne)<\/div>\n<div align=\"justify\">Thierry Martin (Universit\u00e9 de Franche-Comt\u00e9)<\/div>\n<div align=\"justify\">C\u00e9dric Paternotte (Paris IV Paris-Sorbonne)<\/div>\n<div align=\"justify\">Avec l&#8217;aide de Filipe Drapeau Contim (Universit\u00e9 de Rennes 1)<\/div>\n<p><strong>Contact et renseignements pratiques:<\/strong> <a href=\"mailto:rdips.2016@gmail.com\" target=\"_blank\">rdips.2016@gmail.com<\/a><span style=\"font-family: arial,helvetica,sans-serif;\"><span style=\"color: #888888;\"><u><br \/>\n<\/u><\/span><\/span><\/p>\n","protected":false},"excerpt":{"rendered":"<p>Paris, 29-30 septembre 2016 Lieu: Paris, Institut d&#8217;Histoire et de Philosophie des Sciences et des Techniques (salle de conf\u00e9rence), 13 rue du Four 75006 Paris Participant.e.s: &#8211; Thomas Bonnin ( University of Exeter) &#8211; Renaud Fine (Universit\u00e9 Grenoble-Alpes) &#8211; Jean-F\u00e9lix Gross (Universit\u00e9 Lyon 3) &#8211; Marina Imocrante\u00a0 (Universit\u00e9 Vita-Salute San Raffaele, IUSS, Universit\u00e9 Panth\u00e9on-Sorbonne, IHPST) [&hellip;]<\/p>\n","protected":false},"author":1,"featured_media":0,"comment_status":"open","ping_status":"open","sticky":false,"template":"","format":"standard","meta":{"_monsterinsights_skip_tracking":false,"_monsterinsights_sitenote_active":false,"_monsterinsights_sitenote_note":"","_monsterinsights_sitenote_category":0,"footnotes":""},"categories":[1],"tags":[],"class_list":["post-335","post","type-post","status-publish","format-standard","hentry","category-non-classe"],"_links":{"self":[{"href":"https:\/\/sfs.infosyslab.fr\/index.php\/wp-json\/wp\/v2\/posts\/335","targetHints":{"allow":["GET"]}}],"collection":[{"href":"https:\/\/sfs.infosyslab.fr\/index.php\/wp-json\/wp\/v2\/posts"}],"about":[{"href":"https:\/\/sfs.infosyslab.fr\/index.php\/wp-json\/wp\/v2\/types\/post"}],"author":[{"embeddable":true,"href":"https:\/\/sfs.infosyslab.fr\/index.php\/wp-json\/wp\/v2\/users\/1"}],"replies":[{"embeddable":true,"href":"https:\/\/sfs.infosyslab.fr\/index.php\/wp-json\/wp\/v2\/comments?post=335"}],"version-history":[{"count":1,"href":"https:\/\/sfs.infosyslab.fr\/index.php\/wp-json\/wp\/v2\/posts\/335\/revisions"}],"predecessor-version":[{"id":336,"href":"https:\/\/sfs.infosyslab.fr\/index.php\/wp-json\/wp\/v2\/posts\/335\/revisions\/336"}],"wp:attachment":[{"href":"https:\/\/sfs.infosyslab.fr\/index.php\/wp-json\/wp\/v2\/media?parent=335"}],"wp:term":[{"taxonomy":"category","embeddable":true,"href":"https:\/\/sfs.infosyslab.fr\/index.php\/wp-json\/wp\/v2\/categories?post=335"},{"taxonomy":"post_tag","embeddable":true,"href":"https:\/\/sfs.infosyslab.fr\/index.php\/wp-json\/wp\/v2\/tags?post=335"}],"curies":[{"name":"wp","href":"https:\/\/api.w.org\/{rel}","templated":true}]}}