{"id":360,"date":"2016-10-08T11:21:45","date_gmt":"2016-10-08T10:21:45","guid":{"rendered":"http:\/\/sfs.snv.jussieu.fr\/?p=360"},"modified":"2016-10-08T11:22:34","modified_gmt":"2016-10-08T10:22:34","slug":"fete-de-la-science-2016","status":"publish","type":"post","link":"https:\/\/sfs.infosyslab.fr\/index.php\/2016\/10\/08\/fete-de-la-science-2016\/","title":{"rendered":"F\u00eate de la Science 2016"},"content":{"rendered":"<p>de la part des doctorants du laboratoire de pal\u00e9ontologie :<\/p>\n<p>Amatrices, amateurs de pal\u00e9ontologie, bonjour !<\/p>\n<p>Comme chaque ann\u00e9e \u00e0 l\u2019occasion de la F\u00eate de la Science, le laboratoire de pal\u00e9ontologie organisera l\u2019atelier de \u00ab Moulage de fossile \u00bb. Cet atelier est rendu possible gr\u00e2ce \u00e0 la motivation et la passion de nombreux b\u00e9n\u00e9voles qu\u2019ils soient en master, en th\u00e8se ou en poste. C&#8217;est-\u00e0-dire vous !<\/p>\n<div class=\"text_exposed_show\">\n<p>En quoi consiste-t-il ? Eh bien l\u2019essentiel est dans le titre : il s\u2019agit principalement d\u2019aider les enfants \u00e0 r\u00e9aliser un moulage de fossile en pl\u00e2tre. Mais ce n\u2019est pas que \u00e7a ! C\u2019est aussi l\u2019occasion de leur parler des merveilles de la diversit\u00e9 pass\u00e9, de son \u00e9volution, des m\u00e9tiers de pal\u00e9ontologue, de pr\u00e9parateur\u2026 et de r\u00e9pondre \u00e0 leurs questions !<\/p>\n<p>Vous l\u2019aurez compris, si cela vous tente nous avons besoin de volontaires ! Je vous rassure rien de bien compliqu\u00e9, cela ne demande aucune comp\u00e9tence que n\u2019aurait pas un \u00e9tudiant de master SEP. De plus ce sera pour vous une occasion de vos exercer \u00e0 la vulgarisation, de partager ce savoir acquis par vos longues ann\u00e9es d\u2019\u00e9tudes et de participer \u00e0 la vie du Mus\u00e9um. D\u2019autant plus que cela fait une ligne de plus sur le CV toujours appr\u00e9ci\u00e9e et facilement valorisable !<\/p>\n<p>Pour ce qui est de l\u2019organisation, l\u2019atelier aura lieu du 14 au 16 octobre.<\/p>\n<p>Le vendredi 14, l\u2019atelier est pour les scolaires, entre 10h et 17h, le week-end est tout public, de 13h \u00e0 18h. Pour vous inscrire, c\u2019est tout simple : envoyer donc un mail \u00e0 tarbez@edu.mnhn.fr pour me faire part de votre intention de participer et indiquer sur ce doodle (<a href=\"http:\/\/doodle.com\/poll\/ewsfmpi92qck325w\" target=\"_blank\" rel=\"nofollow\">http:\/\/doodle.com\/poll\/ewsfmpi92qck325w<\/a>) la ou les journ\u00e9es o\u00f9 vous viendriez.<\/p>\n<p>Nous organisons aussi une \u00ab formation \u00bb obligatoire (m\u00eame aux anciens, d\u00e9sol\u00e9 <span class=\"_47e3\" title=\"\u00e9motic\u00f4ne wink\"><i class=\"img sp_fM-mz8spZ1b sx_7f72ac\"><\/i><span class=\"_7oe\">\ud83d\ude09<\/span><\/span> ) pour vous (re)familiariser avec les subtilit\u00e9s du pl\u00e2tre et limiter les pertes. Deux dates sont possibles au choix entre lundi 10 et mercredi 12 (cf. Doodle). Pour ceux qui veulent ce sera aussi l\u2019occasion de vous pr\u00e9senter les diff\u00e9rents fossiles que nous utilisons.<\/p>\n<p>Que la pal\u00e9ontologie et les amphibiens vous prot\u00e8gent !<\/p>\n<p>Thomas Arbez &amp; Yohan Despres<\/p>\n<p><a href=\"http:\/\/sfs.snv.jussieu.fr\/wp-content\/uploads\/2016\/10\/14563543_346596155676724_7479316658672173787_n.jpg\"><img loading=\"lazy\" decoding=\"async\" class=\"size-full wp-image-361 alignleft\" src=\"http:\/\/sfs.snv.jussieu.fr\/wp-content\/uploads\/2016\/10\/14563543_346596155676724_7479316658672173787_n.jpg\" alt=\"14563543_346596155676724_7479316658672173787_n\" width=\"452\" height=\"649\" srcset=\"https:\/\/sfs.infosyslab.fr\/wp-content\/uploads\/2016\/10\/14563543_346596155676724_7479316658672173787_n.jpg 452w, https:\/\/sfs.infosyslab.fr\/wp-content\/uploads\/2016\/10\/14563543_346596155676724_7479316658672173787_n-209x300.jpg 209w\" sizes=\"auto, (max-width: 452px) 100vw, 452px\" \/><\/a><\/p>\n<\/div>\n","protected":false},"excerpt":{"rendered":"<p>de la part des doctorants du laboratoire de pal\u00e9ontologie : Amatrices, amateurs de pal\u00e9ontologie, bonjour ! Comme chaque ann\u00e9e \u00e0 l\u2019occasion de la F\u00eate de la Science, le laboratoire de pal\u00e9ontologie organisera l\u2019atelier de \u00ab Moulage de fossile \u00bb. Cet atelier est rendu possible gr\u00e2ce \u00e0 la motivation et la passion de nombreux b\u00e9n\u00e9voles qu\u2019ils [&hellip;]<\/p>\n","protected":false},"author":1,"featured_media":0,"comment_status":"open","ping_status":"open","sticky":false,"template":"","format":"standard","meta":{"_monsterinsights_skip_tracking":false,"_monsterinsights_sitenote_active":false,"_monsterinsights_sitenote_note":"","_monsterinsights_sitenote_category":0,"footnotes":""},"categories":[1],"tags":[],"class_list":["post-360","post","type-post","status-publish","format-standard","hentry","category-non-classe"],"_links":{"self":[{"href":"https:\/\/sfs.infosyslab.fr\/index.php\/wp-json\/wp\/v2\/posts\/360","targetHints":{"allow":["GET"]}}],"collection":[{"href":"https:\/\/sfs.infosyslab.fr\/index.php\/wp-json\/wp\/v2\/posts"}],"about":[{"href":"https:\/\/sfs.infosyslab.fr\/index.php\/wp-json\/wp\/v2\/types\/post"}],"author":[{"embeddable":true,"href":"https:\/\/sfs.infosyslab.fr\/index.php\/wp-json\/wp\/v2\/users\/1"}],"replies":[{"embeddable":true,"href":"https:\/\/sfs.infosyslab.fr\/index.php\/wp-json\/wp\/v2\/comments?post=360"}],"version-history":[{"count":3,"href":"https:\/\/sfs.infosyslab.fr\/index.php\/wp-json\/wp\/v2\/posts\/360\/revisions"}],"predecessor-version":[{"id":364,"href":"https:\/\/sfs.infosyslab.fr\/index.php\/wp-json\/wp\/v2\/posts\/360\/revisions\/364"}],"wp:attachment":[{"href":"https:\/\/sfs.infosyslab.fr\/index.php\/wp-json\/wp\/v2\/media?parent=360"}],"wp:term":[{"taxonomy":"category","embeddable":true,"href":"https:\/\/sfs.infosyslab.fr\/index.php\/wp-json\/wp\/v2\/categories?post=360"},{"taxonomy":"post_tag","embeddable":true,"href":"https:\/\/sfs.infosyslab.fr\/index.php\/wp-json\/wp\/v2\/tags?post=360"}],"curies":[{"name":"wp","href":"https:\/\/api.w.org\/{rel}","templated":true}]}}