{"id":379,"date":"2016-10-19T09:40:29","date_gmt":"2016-10-19T08:40:29","guid":{"rendered":"http:\/\/sfs.snv.jussieu.fr\/?p=379"},"modified":"2016-10-19T09:40:29","modified_gmt":"2016-10-19T08:40:29","slug":"rencontres-de-la-societe-francaise-dexobiologie-a-lyon","status":"publish","type":"post","link":"https:\/\/sfs.infosyslab.fr\/index.php\/2016\/10\/19\/rencontres-de-la-societe-francaise-dexobiologie-a-lyon\/","title":{"rendered":"Rencontres de la Soci\u00e9t\u00e9 Fran\u00e7aise d&#8217;Exobiologie \u00e0 Lyon"},"content":{"rendered":"<p><strong>du 22 au 24 <\/strong>novembre 2016 \u00e0 la<strong> R\u00e9sidence Villemanzy<\/strong>, 21 Mont\u00e9e Saint S\u00e9bastien, 69001 Lyon\u00a0 04 70 00 19<\/p>\n<p>Inscriptions et infos pratiques <a href=\"http:\/\/www.exobiologie.fr\/index.php\/actualites\/evenements\/rencontres-sfe-2016\/\" target=\"_blank\">ici<\/a><\/p>\n<p>Programme :<\/p>\n<h3><strong>Jour 1\u00a0: Mardi 22 novembre <\/strong><\/h3>\n<p><strong>13h00-14h00\u00a0: accueil des participants <\/strong><\/p>\n<p><strong>Apr\u00e8s-midi<\/strong><\/p>\n<p>14h00-14h20\u00a0: Pr\u00e9sentation des journ\u00e9es<\/p>\n<p><strong>\u00a0Partie 1\u00a0: Recherche et detection de vie dans le syst\u00e8me solaire et ailleurs dans l\u2019Univers <\/strong><\/p>\n<p>14h20-14h50\u00a0<strong>: J\u00e9r\u00e9my Leconte : Ce qu\u2019il faudra faire \u00ab avant \u00bb de chercher de la vie sur une exoplan\u00e8te.<br \/>\n<\/strong><\/p>\n<p><em>\u00a0\u00a0\u00a0\u00a0\u00a0\u00a0\u00a0\u00a0\u00a0\u00a0\u00a0\u00a0\u00a0\u00a0\u00a0 14h50-15h00\u00a0: Questions<\/em><\/p>\n<p>15h00-15h30 : <strong>Cyril Szopa : Qu\u00eate de la mati\u00e8re organique \u00e0 la surface de Mars : de la mission MSL \u00e0 Exomars 2020<br \/>\n<\/strong><\/p>\n<p><em>\u00a0\u00a0\u00a0\u00a0\u00a0\u00a0\u00a0\u00a0\u00a0\u00a0\u00a0\u00a0\u00a0\u00a0\u00a0 15h30-15h40\u00a0: Questions<\/em><\/p>\n<p>15h40-15h55\u00a0: <strong>Damien Loizeau<\/strong> : <strong>A la recherche de la vie sur Mars : comment choisir un bon site pour les futures missions au sol ? (12\u2019 + 3\u2019)<\/strong><\/p>\n<p>15h55-16h10\u00a0:\u00a0<strong>D. Defr\u00e8re :<\/strong> <strong>Proxima Cen b: Theoretical spectral signatures for different atmospheric scenarios<\/strong><\/p>\n<p><em>\u00a0\u00a0\u00a0\u00a0\u00a0\u00a0\u00a0\u00a0\u00a0\u00a0\u00a0\u00a0\u00a0\u00a0\u00a0 16h10-16h40\u00a0: Pause<\/em><\/p>\n<p><strong>Partie 2\u00a0: Mati\u00e8re organique et origines de la vie <\/strong><\/p>\n<p>16h40-17h10: <strong>Cornelia Meinert : Understanding the Origin of Chiral Molecules in Interstellar Space<br \/>\n<\/strong><\/p>\n<p><em>\u00a0\u00a0\u00a0\u00a0\u00a0\u00a0\u00a0\u00a0\u00a0\u00a0\u00a0\u00a0\u00a0\u00a0\u00a0 17h10-17h20: Questions<\/em><\/p>\n<p>17h20-17h50\u00a0: <strong>Laurent Remusat : L\u2019histoire des mol\u00e9cules organiques contenues dans les chondrites racont\u00e9e par leur composition isotopique<br \/>\n<\/strong><\/p>\n<p><em>\u00a0\u00a0\u00a0\u00a0\u00a0\u00a0\u00a0\u00a0\u00a0\u00a0\u00a0\u00a0\u00a0\u00a0\u00a0 17h50-18h00: Questions<\/em><\/p>\n<p>18h00-18h15\u00a0: <strong>Vassilissa Vinogradoff : Le sort des mol\u00e9cules interstellaires dans les ast\u00e9ro\u00efdes<br \/>\n<\/strong><\/p>\n<p>18h15-18h30\u00a0: <strong>Herv\u00e9 Cottin : La composition organique des particules de la com\u00e8te 67P\/Churyomov-Gerasimenko<br \/>\n<\/strong><\/p>\n<p>18h30-18h45 : <strong>Laura Rouquette : Evolution de mol\u00e9cules organiques dans des conditions martiennes simul\u00e9es avec EXPOSE R2, une exp\u00e9rience de photochimie sur la Station Spatiale Internationale<\/strong><\/p>\n<p>18h45-19h : <strong>Fabien Borget : Evolution de la mati\u00e8re organique dans diff\u00e9rents environnements astrophysiques: projet Vitrine-Ice<\/strong><\/p>\n<p>19h00-20h00\u00a0: <strong>Br\u00e8ves pr\u00e9sentations de posters + Ap\u00e9ro Poster<\/strong><\/p>\n<p>20h-21h30\u00a0:<strong> Diner<\/strong><\/p>\n<p><strong>\u00a0<\/strong><\/p>\n<h3><strong>Jour 2\u00a0: Mercredi 23 novembre <\/strong><\/h3>\n<p><strong>Matin <\/strong><\/p>\n<p><strong>Partie 3\u00a0: De la chimie pr\u00e9biotique complexe \u00e0 l\u2019origine et \u00e9volution pr\u00e9coce de la vie <\/strong><\/p>\n<p>9h-9h30\u00a0: <strong>Simonetta Gribaldo : L\u2019Arbre Universel du Vivant \u00e0 l\u2019heure de la Phylog\u00e9nomique: progr\u00e8s et defis<br \/>\n<\/strong><\/p>\n<p><em>\u00a0\u00a0\u00a0\u00a0\u00a0\u00a0\u00a0\u00a0\u00a0\u00a0\u00a0\u00a0\u00a0\u00a0\u00a0 9h30-9h40\u00a0: Questions<\/em><\/p>\n<p>9h40-10h10\u00a0: <strong>Joseph Moran : Non-Enzymatic Catalysis of Segments of the Reductive Tricarboxylic Acid Cycle<br \/>\n<\/strong><\/p>\n<p><em>\u00a0\u00a0\u00a0\u00a0\u00a0\u00a0\u00a0\u00a0\u00a0\u00a0\u00a0\u00a0\u00a0\u00a0\u00a0 10h10-10h20\u00a0: Questions<\/em><\/p>\n<p>10h20-10h35\u00a0: <strong>Ulysse Pedreira-Segade : Effets des sels sur l\u2019adsorption des nucl\u00e9otides sur les argiles<br \/>\n<\/strong><\/p>\n<p>10h35-10h50\u00a0: <strong>Vincent Minier : Le programme Explore Nova (exobiologie et outreach)<br \/>\n<\/strong><\/p>\n<p><em>\u00a0\u00a0\u00a0\u00a0\u00a0\u00a0\u00a0\u00a0\u00a0\u00a0\u00a0\u00a0\u00a0\u00a0\u00a0 10h50-11h20\u00a0: Pause<\/em><\/p>\n<p><strong>Partie 4\u00a0: Attribution des prix de la SFE<br \/>\n<\/strong><\/p>\n<p>11h20-11h35\u00a0: Attribution des prix<\/p>\n<p>11h35-11h55\u00a0: <strong>Prix Sp\u00e9cial Post Doc : Pr\u00e9sentation de <a href=\"http:\/\/www.exobiologie.fr\/index.php\/actualites\/evenements\/prix-de-la-sfe-2016-deux-jeunes-chercheurs-recompenses\/\" target=\"_blank\">Thomas Gautier<\/a><br \/>\n<\/strong><\/p>\n<p>11h55-12h15\u00a0: <strong>Prix Jeune Chercheur : Pr\u00e9sentation de <a href=\"http:\/\/www.exobiologie.fr\/index.php\/actualites\/evenements\/prix-de-la-sfe-2016-deux-jeunes-chercheurs-recompenses\/\" target=\"_blank\">Sylvain Bernard<\/a><br \/>\n<\/strong><\/p>\n<p><strong>Apr\u00e8s-midi :\u00a0<\/strong><\/p>\n<p><strong>Partie 5\u00a0: Environnements primitifs<\/strong><\/p>\n<p>14h30-15h00: <strong>Mohamed Jebbar : Diversit\u00e9 et adaptation des Archaea et Bacteria aux conditions extr\u00eames des fonds oc\u00e9aniques<br \/>\n<\/strong><\/p>\n<p><em>\u00a0\u00a0\u00a0\u00a0\u00a0\u00a0\u00a0\u00a0\u00a0\u00a0\u00a0\u00a0\u00a0\u00a0\u00a0 15h00-15h10\u00a0: Questions<\/em><\/p>\n<p>15h10-15h40\u00a0: <strong>Maud Boyet : Signature en <sup>142<\/sup>Nd et diff\u00e9renciation pr\u00e9coce de la Terre<\/strong><\/p>\n<p><em>\u00a0\u00a0\u00a0\u00a0\u00a0\u00a0\u00a0\u00a0\u00a0\u00a0\u00a0\u00a0\u00a0\u00a0\u00a0 15h40-15h50\u00a0: Questions<\/em><\/p>\n<p>15h50-16h05\u00a0<em>: <\/em><strong>Contribution orale Terre Primitive (\u00e0 confirmer)<br \/>\n<\/strong><\/p>\n<p>16h05-16h20\u00a0: <strong>Contribution orale Terre Primitive (\u00e0 confirmer)<br \/>\n<\/strong><\/p>\n<p><em>\u00a0\u00a0\u00a0\u00a0\u00a0\u00a0\u00a0\u00a0\u00a0\u00a0\u00a0\u00a0\u00a0\u00a0\u00a0 16h20-16h50\u00a0: Pause<\/em><\/p>\n<p>16h50-19h\u00a0:\u00a0<strong>Assembl\u00e9e G\u00e9n\u00e9rale de la SFE<\/strong><\/p>\n<p>20h\u00a0:<strong> Diner de gala<\/strong><\/p>\n<p>&nbsp;<\/p>\n<h3><strong>Jour 3\u00a0: Jeudi 24 novembre <\/strong><\/h3>\n<p><strong>Matin <\/strong><\/p>\n<p><strong>Partie 6\u00a0: Bilan CNES <\/strong><\/p>\n<p>9h00-9h30 <strong>: Michel Viso : Derni\u00e8res nouvelles du CNES<\/strong><\/p>\n<p><em>\u00a0\u00a0\u00a0\u00a0\u00a0\u00a0\u00a0\u00a0\u00a0\u00a0\u00a0\u00a0\u00a0\u00a0\u00a0 9h30-9h40 : Questions<\/em><\/p>\n<p><strong>\u00a0<\/strong><\/p>\n<p><strong>Partie 7\u00a0: Histoire et philosophie des origines de la vie, aspects soci\u00e9taux et \u00e9thiques<\/strong><\/p>\n<p>9h40-10h10<strong>: <\/strong><strong>Cl\u00e9ment Vidal : L\u2019Impact de la D\u00e9couverte d\u2019Extraterrestres<br \/>\n<\/strong><\/p>\n<p><em>\u00a0\u00a0\u00a0\u00a0\u00a0\u00a0\u00a0\u00a0\u00a0\u00a0\u00a0\u00a0\u00a0\u00a0\u00a0 10h10-10h20 : Questions<\/em><\/p>\n<p><em>\u00a0\u00a0\u00a0\u00a0\u00a0\u00a0\u00a0\u00a0\u00a0\u00a0\u00a0\u00a0\u00a0\u00a0\u00a0 10h20-10h50 : Pause<\/em><\/p>\n<p>10h50-11h20 : <strong>Olivier Grasset : <span class=\"im\">La place de l\u2019exobiologie dans la plan\u00e9tologie moderne, quelles perspectives ?<\/span><br \/>\n<\/strong><\/p>\n<p><em>\u00a0\u00a0\u00a0\u00a0\u00a0\u00a0\u00a0\u00a0\u00a0\u00a0\u00a0\u00a0\u00a0\u00a0\u00a0 11h20-11h30 : Questions <\/em><\/p>\n<p>11h30-12h00\u00a0:<strong> Ren\u00e9 Zarag\u00fceta : Principes de la classification phylog\u00e9n\u00e9tique : \u00e9l\u00e9ments de r\u00e9flexion pour l\u2019exobiologie<br \/>\n<\/strong><\/p>\n<p><em>\u00a0\u00a0\u00a0\u00a0\u00a0\u00a0\u00a0\u00a0\u00a0\u00a0\u00a0\u00a0\u00a0\u00a0\u00a0 12h00-12h10 : Questions<\/em><\/p>\n<p>12h00-12h30 : <strong>Conclusion, puis d\u00e9jeuner<\/strong><\/p>\n<p>14h30\u00a0<strong>: d\u00e9part en train pour St \u00c9tienne pour ceux qui participent \u00e0 <a href=\"http:\/\/www.exobiologie.fr\/index.php\/actualites\/evenements\/atelier-thematique-origine-et-evolution-de-la-terre-primitive\/\" target=\"_blank\">l\u2019atelier Terre Primitive<\/a><\/strong><\/p>\n","protected":false},"excerpt":{"rendered":"<p>du 22 au 24 novembre 2016 \u00e0 la R\u00e9sidence Villemanzy, 21 Mont\u00e9e Saint S\u00e9bastien, 69001 Lyon\u00a0 04 70 00 19 Inscriptions et infos pratiques ici Programme : Jour 1\u00a0: Mardi 22 novembre 13h00-14h00\u00a0: accueil des participants Apr\u00e8s-midi 14h00-14h20\u00a0: Pr\u00e9sentation des journ\u00e9es \u00a0Partie 1\u00a0: Recherche et detection de vie dans le syst\u00e8me solaire et ailleurs dans [&hellip;]<\/p>\n","protected":false},"author":1,"featured_media":0,"comment_status":"open","ping_status":"open","sticky":false,"template":"","format":"standard","meta":{"_monsterinsights_skip_tracking":false,"_monsterinsights_sitenote_active":false,"_monsterinsights_sitenote_note":"","_monsterinsights_sitenote_category":0,"footnotes":""},"categories":[1],"tags":[],"class_list":["post-379","post","type-post","status-publish","format-standard","hentry","category-non-classe"],"_links":{"self":[{"href":"https:\/\/sfs.infosyslab.fr\/index.php\/wp-json\/wp\/v2\/posts\/379","targetHints":{"allow":["GET"]}}],"collection":[{"href":"https:\/\/sfs.infosyslab.fr\/index.php\/wp-json\/wp\/v2\/posts"}],"about":[{"href":"https:\/\/sfs.infosyslab.fr\/index.php\/wp-json\/wp\/v2\/types\/post"}],"author":[{"embeddable":true,"href":"https:\/\/sfs.infosyslab.fr\/index.php\/wp-json\/wp\/v2\/users\/1"}],"replies":[{"embeddable":true,"href":"https:\/\/sfs.infosyslab.fr\/index.php\/wp-json\/wp\/v2\/comments?post=379"}],"version-history":[{"count":1,"href":"https:\/\/sfs.infosyslab.fr\/index.php\/wp-json\/wp\/v2\/posts\/379\/revisions"}],"predecessor-version":[{"id":380,"href":"https:\/\/sfs.infosyslab.fr\/index.php\/wp-json\/wp\/v2\/posts\/379\/revisions\/380"}],"wp:attachment":[{"href":"https:\/\/sfs.infosyslab.fr\/index.php\/wp-json\/wp\/v2\/media?parent=379"}],"wp:term":[{"taxonomy":"category","embeddable":true,"href":"https:\/\/sfs.infosyslab.fr\/index.php\/wp-json\/wp\/v2\/categories?post=379"},{"taxonomy":"post_tag","embeddable":true,"href":"https:\/\/sfs.infosyslab.fr\/index.php\/wp-json\/wp\/v2\/tags?post=379"}],"curies":[{"name":"wp","href":"https:\/\/api.w.org\/{rel}","templated":true}]}}