{"id":389,"date":"2016-11-07T14:39:37","date_gmt":"2016-11-07T13:39:37","guid":{"rendered":"http:\/\/sfs.snv.jussieu.fr\/?p=389"},"modified":"2016-11-07T14:39:37","modified_gmt":"2016-11-07T13:39:37","slug":"penser-levolution-humaine-seminaire-de-claudine-cohen-le-7-novembre-2016-a-15-h","status":"publish","type":"post","link":"https:\/\/sfs.infosyslab.fr\/index.php\/2016\/11\/07\/penser-levolution-humaine-seminaire-de-claudine-cohen-le-7-novembre-2016-a-15-h\/","title":{"rendered":"Penser l&#8217;\u00e9volution humaine &#8211; S\u00e9minaire de Claudine Cohen &#8211; Le 7 novembre 2016 \u00e0 15 h"},"content":{"rendered":"<div>La premi\u00e8re s\u00e9ance du \u00a0s\u00e9minaire &#8220;Penser l&#8217;\u00e9volution humaine&#8221; aura lieu lundi 7 novembre \u00e0 15h, salle 8, 105 Boulevard Raspail (EHESS &#8211; CRAL).<\/div>\n<div>Il est ouvert \u00e0 tous les \u00e9tudiants, chercheurs et auditeurs int\u00e9ress\u00e9s. Vous en trouverez ci-apr\u00e8s\u00a0un programme indicatif.<\/div>\n<div><\/div>\n<div>\n<div>\n<div>\n<div>\n<p align=\"center\"><b>Ann\u00e9e 2016-2017<\/b><\/p>\n<p align=\"center\"><b>S\u00e9minaire de Claudine Cohen EHESS (CRAL) &#8211; EPHE<\/b><\/p>\n<p><b>\u00a0<\/b><\/p>\n<p align=\"center\"><b>Penser l\u2019\u00e9volution humaine\u00a0<\/b><\/p>\n<p align=\"center\"><b>\u00a0<\/b><\/p>\n<p><b>Lundi 7 novembre 2016 \u00e0 15 h 105 Bd Raspail, salle 8<\/b><\/p>\n<p>Introduction\u00a0:<\/p>\n<p>\u00ab\u00a0La place de l\u2019homme dans la nature\u00a0\u00bb<\/p>\n<p>&nbsp;<\/p>\n<p><b>Lundi 14 novembre 2016 \u00e0 15 h 105 Bd Raspail, salle 8<\/b><\/p>\n<p><em>Conf\u00e9rence de M. F\u00a0. Gerali, Professeur invit\u00e9 \u00e0 l\u2019EHESS<\/em><\/p>\n<p><em>(voir programme diffus\u00e9)<\/em><\/p>\n<p><em>\u00a0<\/em><\/p>\n<p><b>Lundi 21 novembre<\/b> <b>2016 \u00e0 15 h 105 Bd Raspail, salle 8<\/b><\/p>\n<p>Les\u00a0 \u00ab\u00a0arbres\u00a0\u00bb de l\u2019\u00e9volution humaine\u00a0:<\/p>\n<p>filiations et parent\u00e9s des esp\u00e8ces fossiles.<\/p>\n<p><b>\u00a0<\/b><\/p>\n<p><b>Lundi 28 novembre<\/b> <b>2016 \u00e0 15 h 105 Bd Raspail, salle 8<\/b><\/p>\n<p>G\u00e9ographie, environnements et itin\u00e9raires de l\u2019\u00e9volution humaine<\/p>\n<p><b>\u00a0<\/b><\/p>\n<p><b>Lundi 5 d\u00e9cembre<\/b> <b>2016 \u00e0 15 h, 105 Bd Raspail, salle 8<\/b><\/p>\n<p>La pal\u00e9oanthropologie et les races<\/p>\n<p><b>\u00a0<\/b><\/p>\n<p><b>Lundi 12 d\u00e9cembre 2016 \u00e0 15 h, 105 Bd Raspail, salle 8<\/b><\/p>\n<p>Apports de la Pal\u00e9ontologie mol\u00e9culaire\u00a0:<\/p>\n<p>La g\u00e9n\u00e9tique des n\u00e9andertaliens<\/p>\n<p><b>\u00a0<\/b><\/p>\n<p><b>Lundi 9 janvier<\/b> <b>2016 \u00e0 15 h, 105 Bd Raspail, salle 8<\/b><\/p>\n<p>Sexe, reproduction et \u00e9volution humaine<\/p>\n<p>&nbsp;<\/p>\n<p><b>Lundi 16 janvier<\/b> <b>2017 \u00e0 15 h, 105 Bd Raspail, salle 8<\/b><\/p>\n<p>Evolution biologique et devenir culturel<\/p>\n<p><b>\u00a0<\/b><\/p>\n<p><b>Lundi 23 janvier<\/b> <b>2017<\/b> \u00e0 15 h, 105 Bd Raspail, salle 8<\/p>\n<p>Quelle r\u00e9volution au Pal\u00e9olithique sup\u00e9rieur\u00a0?<\/p>\n<p>&nbsp;<\/p>\n<p><b>Lundi 30 janvier<\/b> <b>2017<\/b> \u00e0 15 h, 105 Bd Raspail, salle 8<\/p>\n<p>la question de l\u2019\u00e9mergence du langage<\/p>\n<p>&nbsp;<\/p>\n<p><b>Lundi 6 f\u00e9vrier<\/b> <b>2017<\/b> \u00e0 15 h, 105 Bd Raspail, salle 8<\/p>\n<p>Symbole, croyances, \u00ab\u00a0religions\u00a0\u00bb<\/p>\n<p>&nbsp;<\/p>\n<p><b>Lundi 13 f\u00e9vrier<\/b> <b>2017<\/b> \u00e0 15 h, 105 Bd Raspail, salle 8<\/p>\n<p>Conclusions<\/p>\n<p>&nbsp;<\/p>\n<p align=\"center\"><b>Toutes les s\u00e9ances du s\u00e9minaire auront lieu 105 Boulevard Raspail, 75\u00a0006 Paris, <\/b><\/p>\n<p align=\"center\"><b>Salle 8 de 15 h \u00e0 17 h <\/b><\/p>\n<\/div>\n<\/div>\n<\/div>\n<\/div>\n","protected":false},"excerpt":{"rendered":"<p>La premi\u00e8re s\u00e9ance du \u00a0s\u00e9minaire &#8220;Penser l&#8217;\u00e9volution humaine&#8221; aura lieu lundi 7 novembre \u00e0 15h, salle 8, 105 Boulevard Raspail (EHESS &#8211; CRAL). Il est ouvert \u00e0 tous les \u00e9tudiants, chercheurs et auditeurs int\u00e9ress\u00e9s. Vous en trouverez ci-apr\u00e8s\u00a0un programme indicatif. Ann\u00e9e 2016-2017 S\u00e9minaire de Claudine Cohen EHESS (CRAL) &#8211; EPHE \u00a0 Penser l\u2019\u00e9volution humaine\u00a0 \u00a0 [&hellip;]<\/p>\n","protected":false},"author":1,"featured_media":0,"comment_status":"open","ping_status":"open","sticky":false,"template":"","format":"standard","meta":{"_monsterinsights_skip_tracking":false,"_monsterinsights_sitenote_active":false,"_monsterinsights_sitenote_note":"","_monsterinsights_sitenote_category":0,"footnotes":""},"categories":[1],"tags":[],"class_list":["post-389","post","type-post","status-publish","format-standard","hentry","category-non-classe"],"_links":{"self":[{"href":"https:\/\/sfs.infosyslab.fr\/index.php\/wp-json\/wp\/v2\/posts\/389","targetHints":{"allow":["GET"]}}],"collection":[{"href":"https:\/\/sfs.infosyslab.fr\/index.php\/wp-json\/wp\/v2\/posts"}],"about":[{"href":"https:\/\/sfs.infosyslab.fr\/index.php\/wp-json\/wp\/v2\/types\/post"}],"author":[{"embeddable":true,"href":"https:\/\/sfs.infosyslab.fr\/index.php\/wp-json\/wp\/v2\/users\/1"}],"replies":[{"embeddable":true,"href":"https:\/\/sfs.infosyslab.fr\/index.php\/wp-json\/wp\/v2\/comments?post=389"}],"version-history":[{"count":1,"href":"https:\/\/sfs.infosyslab.fr\/index.php\/wp-json\/wp\/v2\/posts\/389\/revisions"}],"predecessor-version":[{"id":390,"href":"https:\/\/sfs.infosyslab.fr\/index.php\/wp-json\/wp\/v2\/posts\/389\/revisions\/390"}],"wp:attachment":[{"href":"https:\/\/sfs.infosyslab.fr\/index.php\/wp-json\/wp\/v2\/media?parent=389"}],"wp:term":[{"taxonomy":"category","embeddable":true,"href":"https:\/\/sfs.infosyslab.fr\/index.php\/wp-json\/wp\/v2\/categories?post=389"},{"taxonomy":"post_tag","embeddable":true,"href":"https:\/\/sfs.infosyslab.fr\/index.php\/wp-json\/wp\/v2\/tags?post=389"}],"curies":[{"name":"wp","href":"https:\/\/api.w.org\/{rel}","templated":true}]}}