{"id":704,"date":"2020-02-11T09:24:51","date_gmt":"2020-02-11T08:24:51","guid":{"rendered":"http:\/\/sfs.snv.jussieu.fr\/?p=704"},"modified":"2020-02-11T11:18:21","modified_gmt":"2020-02-11T10:18:21","slug":"tarifs-des-journees-2020-de-la-sfs-enseigner-la-systematique-aujourdhui-et-demain","status":"publish","type":"post","link":"https:\/\/sfs.infosyslab.fr\/index.php\/2020\/02\/11\/tarifs-des-journees-2020-de-la-sfs-enseigner-la-systematique-aujourdhui-et-demain\/","title":{"rendered":"Tarifs des journ\u00e9es 2020 de la SFS &#8220;Enseigner la syst\u00e9matique :  aujourd&#8217;hui et demain&#8221;"},"content":{"rendered":"\n<p>Du  30 mars au 1 Avril 2020, la Soci\u00e9t\u00e9 Fran\u00e7aise de Syst\u00e9matique organise  ses journ\u00e9es annuelles sur le th\u00e8me \u00ab Enseigner la syst\u00e9matique :  aujourd&#8217;hui et demain \u00bb. <br>Elles sont organis\u00e9es par R\u00e9gine Vignes-Lebbe et Guillaume Lecointre, et se d\u00e9rouleront \u00e0 Paris. <\/p>\n\n\n\n<p>Plus de d\u00e9tails sur la th\u00e9matique des journ\u00e9es : <a href=\"https:\/\/fr-systematique.sciencesconf.org\/\" rel=\"noreferrer noopener\" target=\"_blank\"> https:\/\/fr-systematique.sciencesconf.org\/<\/a><\/p>\n\n\n\n<p>Le programme : <a href=\"https:\/\/fr-systematique.sciencesconf.org\/program\" rel=\"noreferrer noopener\" target=\"_blank\"> https:\/\/fr-systematique.sciencesconf.org\/program<\/a><\/p>\n\n\n\n<p>Les inscriptions (obligatoires) : <a href=\"https:\/\/fr-systematique.sciencesconf.org\/registration\/index\" rel=\"noreferrer noopener\" target=\"_blank\"> https:\/\/fr-systematique.sciencesconf.org\/registration\/index<\/a><\/p>\n\n\n\n<p>Les tarifs d&#8217;inscription (en euros) :<\/p>\n\n\n\n<table class=\"wp-block-table\"><tbody><tr><td><br><\/td><td>Membre de la SFS<\/td><td>Non-membre de la SFS<\/td><\/tr><tr><td>Tarif normal<\/td><td>40<\/td><td>60<\/td><\/tr><tr><td>\u00c9tudiants (jusqu\u2019\u00e0 Master)<\/td><td>20<\/td><td>30<\/td><\/tr><\/tbody><\/table>\n\n\n<p>L&#8217;inscription est <strong>gratuite<\/strong> pour les \u00e9tudiants de Sorbonne Universit\u00e9 et les membres de l&#8217;association Timarcha.<\/p>","protected":false},"excerpt":{"rendered":"<p>Du 30 mars au 1 Avril 2020, la Soci\u00e9t\u00e9 Fran\u00e7aise de Syst\u00e9matique organise ses journ\u00e9es annuelles sur le th\u00e8me \u00ab Enseigner la syst\u00e9matique : aujourd&#8217;hui et demain \u00bb. Elles sont organis\u00e9es par R\u00e9gine Vignes-Lebbe et Guillaume Lecointre, et se d\u00e9rouleront \u00e0 Paris. Plus de d\u00e9tails sur la th\u00e9matique des journ\u00e9es : https:\/\/fr-systematique.sciencesconf.org\/ Le programme : [&hellip;]<\/p>\n","protected":false},"author":1,"featured_media":0,"comment_status":"open","ping_status":"open","sticky":false,"template":"","format":"standard","meta":{"_monsterinsights_skip_tracking":false,"_monsterinsights_sitenote_active":false,"_monsterinsights_sitenote_note":"","_monsterinsights_sitenote_category":0,"footnotes":""},"categories":[1],"tags":[],"class_list":["post-704","post","type-post","status-publish","format-standard","hentry","category-non-classe"],"_links":{"self":[{"href":"https:\/\/sfs.infosyslab.fr\/index.php\/wp-json\/wp\/v2\/posts\/704","targetHints":{"allow":["GET"]}}],"collection":[{"href":"https:\/\/sfs.infosyslab.fr\/index.php\/wp-json\/wp\/v2\/posts"}],"about":[{"href":"https:\/\/sfs.infosyslab.fr\/index.php\/wp-json\/wp\/v2\/types\/post"}],"author":[{"embeddable":true,"href":"https:\/\/sfs.infosyslab.fr\/index.php\/wp-json\/wp\/v2\/users\/1"}],"replies":[{"embeddable":true,"href":"https:\/\/sfs.infosyslab.fr\/index.php\/wp-json\/wp\/v2\/comments?post=704"}],"version-history":[{"count":2,"href":"https:\/\/sfs.infosyslab.fr\/index.php\/wp-json\/wp\/v2\/posts\/704\/revisions"}],"predecessor-version":[{"id":707,"href":"https:\/\/sfs.infosyslab.fr\/index.php\/wp-json\/wp\/v2\/posts\/704\/revisions\/707"}],"wp:attachment":[{"href":"https:\/\/sfs.infosyslab.fr\/index.php\/wp-json\/wp\/v2\/media?parent=704"}],"wp:term":[{"taxonomy":"category","embeddable":true,"href":"https:\/\/sfs.infosyslab.fr\/index.php\/wp-json\/wp\/v2\/categories?post=704"},{"taxonomy":"post_tag","embeddable":true,"href":"https:\/\/sfs.infosyslab.fr\/index.php\/wp-json\/wp\/v2\/tags?post=704"}],"curies":[{"name":"wp","href":"https:\/\/api.w.org\/{rel}","templated":true}]}}