{"id":735,"date":"2020-06-25T09:58:35","date_gmt":"2020-06-25T08:58:35","guid":{"rendered":"http:\/\/sfs.snv.jussieu.fr\/?p=735"},"modified":"2020-06-25T09:58:37","modified_gmt":"2020-06-25T08:58:37","slug":"ag-elections-du-conseil-dates-des-prochaines-journees","status":"publish","type":"post","link":"https:\/\/sfs.infosyslab.fr\/index.php\/2020\/06\/25\/ag-elections-du-conseil-dates-des-prochaines-journees\/","title":{"rendered":"AG, \u00e9lections du conseil &#038; dates des prochaines journ\u00e9es"},"content":{"rendered":"\n<p>\nCh\u00e8res amies, chers amis de la Syst\u00e9matique,&nbsp;<br>Suite \u00e0 la crise sanitaire que nous traversons tous, la SFS a \u00e9t\u00e9 contrainte de revoir son agenda pour l&#8217;ann\u00e9e 2020\/2021:<br>Les\n Journ\u00e9es\nannuelles de la syst\u00e9matique&nbsp;2020 \u00ab&nbsp;Enseigner la Syst\u00e9matique \u2013 \naujourd&#8217;hui et demain&nbsp;\u00bb, organis\u00e9e par Guillaume Lecointre et R\u00e9gine \nVignes-Lebbe, initialement pr\u00e9vues du 30 Mars au 1er Avril 2020, puis \npremi\u00e8rement report\u00e9es au 21-23 Septembre 2020 <strong>sont finalement report\u00e9es au 29-31 Mars 202<\/strong><strong>1<\/strong><\/p>\n\n\n\n<p><strong>Les candidatures au renouvellement du conseil sont ouvertes jusqu&#8217;au 30 Juin 2020.<\/strong>   Cette ann\u00e9e le conseil voit le d\u00e9part de plusieurs de ses membres pour  des raisons professionnelles (notamment postdocs). Le conseil actuel  souhaite encourager fortement de nouvelles candidatures de  syst\u00e9maticiens souhaitant s&#8217;investir dans la SFS dont la mission  principale est &#8211; nous le rappelons &#8211; de <em>promouvoir l&#8217;\u00e9tude scientifique des organismes dans leur diversit\u00e9,  l&#8217;\u00e9volution dans l&#8217;espace et dans le temps ainsi que des classifications  traduisant leurs relations mutuelles<\/em>.\u00a0Chaque  candidature doit \u00eatre accompagn\u00e9e d&#8217;une d\u00e9claration d&#8217;intention succincte (pas plus de 10 lignes) afin que les \u00e9lecteurs  puissent se prononcer en connaissance de cause.<strong> <\/strong>Les candidatures sont \u00e0 envoyer \u00e0 l&#8217;adresse mail  : <a rel=\"noreferrer noopener\" href=\"mailto:syst.contact@gmail.com\" target=\"_blank\">syst.contact@gmail.com<\/a> et sous la forme suivante <strong>: <\/strong><\/p>\n\n\n\n<p>Je suis candidat(e) aux \u00e9lections pour le renouvellement partiel du Conseil de la Soci\u00e9t\u00e9 Fran\u00e7aise de Syst\u00e9matique. <\/p>\n\n\n\n<p>Nom  &#8230;&#8230;&#8230;&#8230;&#8230;&#8230;&#8230;&#8230;&#8230;&#8230;&#8230;&#8230;&#8230;&#8230;&#8230;&#8230;&#8230;&#8230;&#8230;&#8230;&#8230;&#8230;&#8230;&#8230;&#8230;&#8230;&#8230;&#8230;&#8230;&#8230;&#8230;&#8230;&#8230;&#8230;&#8230;.<br>Pr\u00e9nom &#8230;&#8230;&#8230;&#8230;&#8230;&#8230;&#8230;&#8230;&#8230;&#8230;&#8230;&#8230;&#8230;&#8230;&#8230;&#8230;&#8230;&#8230;&#8230;&#8230;&#8230;&#8230;&#8230;&#8230;&#8230;&#8230;&#8230;&#8230;&#8230;&#8230;&#8230;&#8230;&#8230;..<br>Adresse&#8230;&#8230;&#8230;&#8230;&#8230;&#8230;&#8230;&#8230;&#8230;&#8230;&#8230;&#8230;&#8230;&#8230;&#8230;&#8230;&#8230;&#8230;&#8230;&#8230;&#8230;&#8230;&#8230;&#8230;&#8230;&#8230;&#8230;&#8230;&#8230;&#8230;&#8230;&#8230;&#8230;&#8230;<br>E-mail : &#8230;&#8230;&#8230;&#8230;&#8230;&#8230;&#8230;&#8230;&#8230;&#8230;&#8230;&#8230;&#8230;&#8230;&#8230;&#8230;&#8230;&#8230;&#8230;&#8230;&#8230;&#8230;&#8230;&#8230;&#8230;&#8230;&#8230;&#8230;&#8230;&#8230;&#8230;&#8230;&#8230;..<br>D\u00e9claration d\u2019intention&#8230;&#8230;&#8230;&#8230;&#8230;&#8230;&#8230;&#8230;&#8230;&#8230;&#8230;&#8230;&#8230;&#8230;&#8230;&#8230;&#8230;&#8230;&#8230;&#8230;&#8230;&#8230;&#8230;&#8230;<\/p>\n\n\n\n<p>Les\n \u00e9lections auront lieu sous format \u00e9lectronique pendant la p\u00e9riode du \n1er au 21 Septembre 2020. L&#8217;assembl\u00e9e g\u00e9n\u00e9rale, \u00e9lectronique \u00e9galement, \naura lieu le 22 Septembre 2020.<br><strong><br><\/strong><strong>\n\n<\/strong>Bien cordialement,la SFS<strong><br><\/strong><\/p>\n","protected":false},"excerpt":{"rendered":"<p>Ch\u00e8res amies, chers amis de la Syst\u00e9matique,&nbsp;Suite \u00e0 la crise sanitaire que nous traversons tous, la SFS a \u00e9t\u00e9 contrainte de revoir son agenda pour l&#8217;ann\u00e9e 2020\/2021:Les Journ\u00e9es annuelles de la syst\u00e9matique&nbsp;2020 \u00ab&nbsp;Enseigner la Syst\u00e9matique \u2013 aujourd&#8217;hui et demain&nbsp;\u00bb, organis\u00e9e par Guillaume Lecointre et R\u00e9gine Vignes-Lebbe, initialement pr\u00e9vues du 30 Mars au 1er Avril 2020, [&hellip;]<\/p>\n","protected":false},"author":1,"featured_media":0,"comment_status":"open","ping_status":"open","sticky":false,"template":"","format":"standard","meta":{"_monsterinsights_skip_tracking":false,"_monsterinsights_sitenote_active":false,"_monsterinsights_sitenote_note":"","_monsterinsights_sitenote_category":0,"footnotes":""},"categories":[1],"tags":[],"class_list":["post-735","post","type-post","status-publish","format-standard","hentry","category-non-classe"],"_links":{"self":[{"href":"https:\/\/sfs.infosyslab.fr\/index.php\/wp-json\/wp\/v2\/posts\/735","targetHints":{"allow":["GET"]}}],"collection":[{"href":"https:\/\/sfs.infosyslab.fr\/index.php\/wp-json\/wp\/v2\/posts"}],"about":[{"href":"https:\/\/sfs.infosyslab.fr\/index.php\/wp-json\/wp\/v2\/types\/post"}],"author":[{"embeddable":true,"href":"https:\/\/sfs.infosyslab.fr\/index.php\/wp-json\/wp\/v2\/users\/1"}],"replies":[{"embeddable":true,"href":"https:\/\/sfs.infosyslab.fr\/index.php\/wp-json\/wp\/v2\/comments?post=735"}],"version-history":[{"count":1,"href":"https:\/\/sfs.infosyslab.fr\/index.php\/wp-json\/wp\/v2\/posts\/735\/revisions"}],"predecessor-version":[{"id":736,"href":"https:\/\/sfs.infosyslab.fr\/index.php\/wp-json\/wp\/v2\/posts\/735\/revisions\/736"}],"wp:attachment":[{"href":"https:\/\/sfs.infosyslab.fr\/index.php\/wp-json\/wp\/v2\/media?parent=735"}],"wp:term":[{"taxonomy":"category","embeddable":true,"href":"https:\/\/sfs.infosyslab.fr\/index.php\/wp-json\/wp\/v2\/categories?post=735"},{"taxonomy":"post_tag","embeddable":true,"href":"https:\/\/sfs.infosyslab.fr\/index.php\/wp-json\/wp\/v2\/tags?post=735"}],"curies":[{"name":"wp","href":"https:\/\/api.w.org\/{rel}","templated":true}]}}