{"id":797,"date":"2020-12-15T10:38:09","date_gmt":"2020-12-15T09:38:09","guid":{"rendered":"http:\/\/sfs.snv.jussieu.fr\/?p=797"},"modified":"2020-12-15T10:44:39","modified_gmt":"2020-12-15T09:44:39","slug":"presentation-du-nouveau-bureau","status":"publish","type":"post","link":"https:\/\/sfs.infosyslab.fr\/index.php\/2020\/12\/15\/presentation-du-nouveau-bureau\/","title":{"rendered":"Pr\u00e9sentation du nouveau bureau"},"content":{"rendered":"\n<p><\/p>\n\n\n\n<p>&nbsp;&nbsp;&nbsp;&nbsp;Ch\u00e8res amies, chers amis de la Syst\u00e9matique,<\/p>\n\n\n\n<p>Dans les ann\u00e9es \u00e0 venir, notre soci\u00e9t\u00e9 doit relever des d\u00e9fis importants. D\u2019abord, elle est la seule interface francophone entre les sp\u00e9cialistes de diff\u00e9rents groupes taxinomiques. Oui, les sp\u00e9cialistes de foraminif\u00e8res doivent pouvoir \u00e9changer avec les sp\u00e9cialistes de drosophiles, les sp\u00e9cialistes du d\u00e9veloppement du poisson-clown avec les sp\u00e9cialistes de l\u2019eutrophisation des oc\u00e9ans. Il en va de la coh\u00e9rence de notre compr\u00e9hension du vivant. Parfois, certains biologistes ne se consid\u00e8rent pas comme \u00ab&nbsp;syst\u00e9maticiens&nbsp;\u00bb parce qu\u2019ils utilisent la syst\u00e9matique mais ne la produise pas. D\u2019autres ne se consid\u00e8rent pas \u00ab&nbsp;syst\u00e9maticiens&nbsp;\u00bb parce qu\u2019ils cr\u00e9ent des esp\u00e8ces de temps en temps mais ne consid\u00e8rent pas travailler suffisamment sur les concepts de la syst\u00e9matique pour entrer dans la soci\u00e9t\u00e9. Nous avons pour but de favoriser le dialogue entre tous ces acteurs. Nous nous assurons que tout le monde trouve sa place dans la soci\u00e9t\u00e9 et nous sommes \u00e0 l\u2019\u00e9coute des besoins de chacun pour que notre soci\u00e9t\u00e9 puisse remplir ses missions le mieux possible. Les enjeux de biodiversit\u00e9 \u00e0 l\u2019\u00e9chelle globale n\u00e9cessitent un maximum de collaboration entre nous. Et ce \u00ab&nbsp;nous&nbsp;\u00bb d\u00e9passe \u00e9videmment la communaut\u00e9 francophone puisque l\u2019ensemble des soci\u00e9t\u00e9s de syst\u00e9matique europ\u00e9ennes sont r\u00e9unies dans la f\u00e9d\u00e9ration BioSystEu qui \u0153uvre \u00e0 plus large \u00e9chelle \u00e0 la promotion de la syst\u00e9matique. Nous, sp\u00e9cialistes du monde vivant, devons veiller \u00e0 la plus grande coh\u00e9rence entre nos sp\u00e9cialit\u00e9s pour que nos travaux pass\u00e9s et futurs r\u00e9sonnent&nbsp;dans les sph\u00e8res publiques et politiques. La vitalit\u00e9 de notre soci\u00e9t\u00e9 est d\u00e9pendante de sa richesse et de sa repr\u00e9sentativit\u00e9 alors parlons-en autour de nous et amplifions nos forces.<\/p>\n\n\n\n<p>Dans les ann\u00e9es \u00e0 venir, notre soci\u00e9t\u00e9 doit relever des d\u00e9fis importants. D\u2019abord, elle est la seule interface francophone entre les sp\u00e9cialistes de diff\u00e9rents groupes taxinomiques. Oui, les sp\u00e9cialistes de foraminif\u00e8res doivent pouvoir \u00e9changer avec les sp\u00e9cialistes de drosophiles, les sp\u00e9cialistes du d\u00e9veloppement du poisson-clown avec les sp\u00e9cialistes de l\u2019eutrophisation des oc\u00e9ans. Il en va de la coh\u00e9rence de notre compr\u00e9hension du vivant. Parfois, certains biologistes ne se consid\u00e8rent pas comme \u00ab&nbsp;syst\u00e9maticiens&nbsp;\u00bb parce qu\u2019ils utilisent la syst\u00e9matique mais ne la produise pas. D\u2019autres ne se consid\u00e8rent pas \u00ab&nbsp;syst\u00e9maticiens&nbsp;\u00bb parce qu\u2019ils cr\u00e9ent des esp\u00e8ces de temps en temps mais ne consid\u00e8rent pas travailler suffisamment sur les concepts de la syst\u00e9matique pour entrer dans la soci\u00e9t\u00e9. Nous avons pour but de favoriser le dialogue entre tous ces acteurs. Nous nous assurons que tout le monde trouve sa place dans la soci\u00e9t\u00e9 et nous sommes \u00e0 l\u2019\u00e9coute des besoins de chacun pour que notre soci\u00e9t\u00e9 puisse remplir ses missions le mieux possible. Les enjeux de biodiversit\u00e9 \u00e0 l\u2019\u00e9chelle globale n\u00e9cessitent un maximum de collaboration entre nous. Et ce \u00ab&nbsp;nous&nbsp;\u00bb d\u00e9passe \u00e9videmment la communaut\u00e9 francophone puisque l\u2019ensemble des soci\u00e9t\u00e9s de syst\u00e9matique europ\u00e9ennes sont r\u00e9unies dans la f\u00e9d\u00e9ration BioSystEu qui \u0153uvre \u00e0 plus large \u00e9chelle \u00e0 la promotion de la syst\u00e9matique. Nous, sp\u00e9cialistes du monde vivant, devons veiller \u00e0 la plus grande coh\u00e9rence entre nos sp\u00e9cialit\u00e9s pour que nos travaux pass\u00e9s et futurs r\u00e9sonnent&nbsp;dans les sph\u00e8res publiques et politiques. La vitalit\u00e9 de notre soci\u00e9t\u00e9 est d\u00e9pendante de sa richesse et de sa repr\u00e9sentativit\u00e9 alors parlons-en autour de nous et amplifions nos forces.<\/p>\n\n\n\n<p>Vous pouvez compter sur un nouveau bureau&nbsp;gorg\u00e9 d\u2019\u00e9nergie\nque le conseil de la SFS a nomm\u00e9 :<\/p>\n\n\n\n<p>&nbsp;&nbsp;&nbsp;&nbsp;Pr\u00e9sident&nbsp;&#8211; J\u00e9r\u00e9mie Bardin<\/p>\n\n\n\n<p>&nbsp;&nbsp;&nbsp;&nbsp;Vice-pr\u00e9sident&nbsp;&#8211;&nbsp;Guillaume\nLecointre<\/p>\n\n\n\n<p>&nbsp;&nbsp;&nbsp;&nbsp;Secr\u00e9taire&nbsp;&#8211;&nbsp;Malcolm\nSanders<\/p>\n\n\n\n<p>&nbsp;&nbsp;&nbsp;&nbsp;Secr\u00e9taire adjoint&nbsp;&#8211; R\u00e9gine\nVignes-Lebbe<\/p>\n\n\n\n<p>&nbsp;&nbsp;&nbsp;&nbsp;Tr\u00e9sorier&nbsp;&#8211; V\u00e9ronique Barriel<\/p>\n\n\n\n<p>&nbsp;&nbsp;&nbsp;&nbsp;Tr\u00e9sorier&nbsp;adjoint&nbsp;&#8211; Marc\nTest\u00e9<\/p>\n\n\n\n<p>Autres responsabilit\u00e9s&nbsp;:<\/p>\n\n\n\n<p>&nbsp;&nbsp;&nbsp;&nbsp;Communication&nbsp;&amp; Site\ninternet&nbsp;&#8211; Art\u00e9mis Korniliou&nbsp;<\/p>\n\n\n\n<p>&nbsp;&nbsp;&nbsp;&nbsp;Publication des bulletins&nbsp;&#8211;&nbsp;Mathieu\nFaure-Brac<\/p>\n\n\n\n<p>&nbsp;&nbsp;&nbsp;&nbsp;Conseillers&nbsp;&#8211; Guillaume Billet,&nbsp;Paul\nChatelain, Patrick Martin, Nicolas Puillandre&nbsp;<\/p>\n\n\n\n<p>La SFS.<\/p>\n","protected":false},"excerpt":{"rendered":"<p>&nbsp;&nbsp;&nbsp;&nbsp;Ch\u00e8res amies, chers amis de la Syst\u00e9matique, Dans les ann\u00e9es \u00e0 venir, notre soci\u00e9t\u00e9 doit relever des d\u00e9fis importants. D\u2019abord, elle est la seule interface francophone entre les sp\u00e9cialistes de diff\u00e9rents groupes taxinomiques. Oui, les sp\u00e9cialistes de foraminif\u00e8res doivent pouvoir \u00e9changer avec les sp\u00e9cialistes de drosophiles, les sp\u00e9cialistes du d\u00e9veloppement du poisson-clown avec les sp\u00e9cialistes [&hellip;]<\/p>\n","protected":false},"author":1,"featured_media":0,"comment_status":"open","ping_status":"open","sticky":false,"template":"","format":"standard","meta":{"_monsterinsights_skip_tracking":false,"_monsterinsights_sitenote_active":false,"_monsterinsights_sitenote_note":"","_monsterinsights_sitenote_category":0,"footnotes":""},"categories":[1],"tags":[],"class_list":["post-797","post","type-post","status-publish","format-standard","hentry","category-non-classe"],"_links":{"self":[{"href":"https:\/\/sfs.infosyslab.fr\/index.php\/wp-json\/wp\/v2\/posts\/797","targetHints":{"allow":["GET"]}}],"collection":[{"href":"https:\/\/sfs.infosyslab.fr\/index.php\/wp-json\/wp\/v2\/posts"}],"about":[{"href":"https:\/\/sfs.infosyslab.fr\/index.php\/wp-json\/wp\/v2\/types\/post"}],"author":[{"embeddable":true,"href":"https:\/\/sfs.infosyslab.fr\/index.php\/wp-json\/wp\/v2\/users\/1"}],"replies":[{"embeddable":true,"href":"https:\/\/sfs.infosyslab.fr\/index.php\/wp-json\/wp\/v2\/comments?post=797"}],"version-history":[{"count":2,"href":"https:\/\/sfs.infosyslab.fr\/index.php\/wp-json\/wp\/v2\/posts\/797\/revisions"}],"predecessor-version":[{"id":799,"href":"https:\/\/sfs.infosyslab.fr\/index.php\/wp-json\/wp\/v2\/posts\/797\/revisions\/799"}],"wp:attachment":[{"href":"https:\/\/sfs.infosyslab.fr\/index.php\/wp-json\/wp\/v2\/media?parent=797"}],"wp:term":[{"taxonomy":"category","embeddable":true,"href":"https:\/\/sfs.infosyslab.fr\/index.php\/wp-json\/wp\/v2\/categories?post=797"},{"taxonomy":"post_tag","embeddable":true,"href":"https:\/\/sfs.infosyslab.fr\/index.php\/wp-json\/wp\/v2\/tags?post=797"}],"curies":[{"name":"wp","href":"https:\/\/api.w.org\/{rel}","templated":true}]}}