{"id":847,"date":"2021-04-25T19:08:41","date_gmt":"2021-04-25T18:08:41","guid":{"rendered":"http:\/\/sfs.snv.jussieu.fr\/?p=847"},"modified":"2021-04-25T19:08:43","modified_gmt":"2021-04-25T18:08:43","slug":"invitation-au-cafesystema-1-avec-frederic-legendre-4-mai-a-18h30","status":"publish","type":"post","link":"https:\/\/sfs.infosyslab.fr\/index.php\/2021\/04\/25\/invitation-au-cafesystema-1-avec-frederic-legendre-4-mai-a-18h30\/","title":{"rendered":"Invitation au Caf\u00e9Systema #1 avec Fr\u00e9d\u00e9ric Legendre &#8211; 4 mai \u00e0 18h30"},"content":{"rendered":"\n<p>Ch\u00e8res\namies, chers amis de la Syst\u00e9matique,<\/p>\n\n\n\n<p><br>\nC&#8217;est avec un immense plaisir que nous vous invitons toutes et tous \u00e0\nparticiper \u00e0 la premi\u00e8re s\u00e9ance des &#8220;Caf\u00e9Systema&#8221; : les tous nouveaux\nrendez-vous mensuels de la soci\u00e9t\u00e9. Ce r\u00e9cent projet de la SFS a pour objectif\nde cr\u00e9er un rendez-vous r\u00e9gulier pour les&nbsp;syst\u00e9maticiens francophones,\nafin de diffuser et d&#8217;\u00e9changer les r\u00e9sultats ou d\u00e9bats actuels\ndes&nbsp;multiples domaines de la discipline. Nous souhaitons de cette mani\u00e8re\nla rendre plus visible et la d\u00e9fendre. Nous esp\u00e9rons aussi que ces s\u00e9ances\nseront un formidable moment d&#8217;\u00e9changes entre les membres de la SFS mais aussi\navec un public plus large, qui bien souvent m\u00e9conna\u00eet le r\u00f4le et l&#8217;utilit\u00e9 de\nla syst\u00e9matique.<\/p>\n\n\n\n<p><br>\nNous vous proposons dans un premier temps un format par visioconf\u00e9rence simple\n(via la plateforme Zoom), mais nous travaillons actuellement \u00e0 un format\nhyper-interactif susceptible d&#8217;optimiser la diffusion des connaissances. Nous\nesp\u00e9rons que vous en profiterez avec joie tr\u00e8s prochainement ! A suivre&#8230;<\/p>\n\n\n\n<p><br>\nNous aurons donc le plaisir d&#8217;inaugurer les Caf\u00e9Systema avec une conf\u00e9rence de\nFr\u00e9d\u00e9ric Legendre (MCF, MNHN-Paris), intitul\u00e9e: &#8220;Origine de l\u2019eusocialit\u00e9 chez les termites : taxons\nfossiles et datations phylog\u00e9n\u00e9tiques&#8221;. Elle aura lieu le&nbsp;<strong>mardi\n4 mai de 18h30 \u00e0 19h30<\/strong>.<\/p>\n\n\n\n<figure class=\"wp-block-image\"><img loading=\"lazy\" decoding=\"async\" width=\"1024\" height=\"260\" src=\"http:\/\/sfs.snv.jussieu.fr\/wp-content\/uploads\/2021\/04\/CafeSystema1_affiche-1024x260.png\" alt=\"\" class=\"wp-image-846\" srcset=\"https:\/\/sfs.infosyslab.fr\/wp-content\/uploads\/2021\/04\/CafeSystema1_affiche-1024x260.png 1024w, https:\/\/sfs.infosyslab.fr\/wp-content\/uploads\/2021\/04\/CafeSystema1_affiche-300x76.png 300w, https:\/\/sfs.infosyslab.fr\/wp-content\/uploads\/2021\/04\/CafeSystema1_affiche-768x195.png 768w\" sizes=\"auto, (max-width: 1024px) 100vw, 1024px\" \/><\/figure>\n\n\n\n<p><br>\nR\u00e9sum\u00e9 :<\/p>\n\n\n\n<p><br>\nL\u2019eusocialit\u00e9, syst\u00e8me social hautement int\u00e9gr\u00e9 avec des reproducteurs et des\ncastes st\u00e9riles, est souvent avanc\u00e9 comme facteur majeur expliquant le\nremarquable succ\u00e8s \u00e9volutif et \u00e9cologique des termites. Retrouv\u00e9e chez une\ndouzaine de lign\u00e9es animales, l\u2019eusocialit\u00e9 serait apparue en premier chez les\ntermites. Mais son \u00e2ge d\u2019origine ne fait pas consensus, ce qui limite notre\ncompr\u00e9hension des facteurs sous-jacents \u00e0 son \u00e9volution. Dater cette origine,\net celles des diverses lign\u00e9es de termites, est donc un enjeu important qui\nrequiert de faire dialoguer registre fossile et hypoth\u00e8ses phylog\u00e9n\u00e9tiques. Or,\nles datations mol\u00e9culaires se contentent de quelques points de calibrations\nfossiles, alors que, pour les termites toujours, les auteurs utilisant des\napproches de parcimonie fournissent des estimations d\u2019\u00e2ges \u00e9clair\u00e9es par leur\nseule connaissance du registre fossile. Il en r\u00e9sulte des estimations\ndivergentes, parfois de plusieurs millions d\u2019ann\u00e9es. Profitant d\u2019avanc\u00e9es sur les\nm\u00e9thodes de datations, j\u2019utiliserai l\u2019exemple de l\u2019origine de l\u2019eusocialit\u00e9\nchez les termites pour pr\u00e9senter le \u2018fossilized birth-death model\u2019, tel\nqu\u2019impl\u00e9ment\u00e9 dans MrBayes. Ce mod\u00e8le permet d\u2019int\u00e9grer les taxons fossiles et\nactuels dans les analyses de datations reposant sur des arbres phylog\u00e9n\u00e9tiques.\nLes r\u00e9sultats sugg\u00e8rent que l\u2019origine de l\u2019eusocialit\u00e9 chez les termites\npourrait \u00eatre encore plus ancienne que suppos\u00e9e (ca. 200 Mya).<\/p>\n\n\n\n<p><br>\nParticiper \u00e0 la r\u00e9union Zoom :<\/p>\n\n\n\n<p><a href=\"https:\/\/zoom.us\/j\/91696442917?pwd=TktFQXVZdDJ3b1ltV3o3ZUM5Sk5KUT09\" target=\"_blank\" rel=\"noreferrer noopener\">https:\/\/zoom.us\/j\/91696442917?pwd=TktFQXVZdDJ3b1ltV3o3ZUM5Sk5KUT09<\/a><br>\n<br>\nID de r\u00e9union&nbsp;: 916 9644 2917<\/p>\n\n\n\n<p>Code\nsecret&nbsp;: 6mNiP0<\/p>\n\n\n\n<p>En esp\u00e9rant vous retrouver nombreux\n\u00e0 ces rendez-vous,<\/p>\n\n\n\n<p>Bien cordialement,<\/p>\n\n\n\n<p>la SFS<\/p>\n","protected":false},"excerpt":{"rendered":"<p>Ch\u00e8res amies, chers amis de la Syst\u00e9matique, C&#8217;est avec un immense plaisir que nous vous invitons toutes et tous \u00e0 participer \u00e0 la premi\u00e8re s\u00e9ance des &#8220;Caf\u00e9Systema&#8221; : les tous nouveaux rendez-vous mensuels de la soci\u00e9t\u00e9. Ce r\u00e9cent projet de la SFS a pour objectif de cr\u00e9er un rendez-vous r\u00e9gulier pour les&nbsp;syst\u00e9maticiens francophones, afin de [&hellip;]<\/p>\n","protected":false},"author":1,"featured_media":0,"comment_status":"open","ping_status":"open","sticky":false,"template":"","format":"standard","meta":{"_monsterinsights_skip_tracking":false,"_monsterinsights_sitenote_active":false,"_monsterinsights_sitenote_note":"","_monsterinsights_sitenote_category":0,"footnotes":""},"categories":[1],"tags":[],"class_list":["post-847","post","type-post","status-publish","format-standard","hentry","category-non-classe"],"_links":{"self":[{"href":"https:\/\/sfs.infosyslab.fr\/index.php\/wp-json\/wp\/v2\/posts\/847","targetHints":{"allow":["GET"]}}],"collection":[{"href":"https:\/\/sfs.infosyslab.fr\/index.php\/wp-json\/wp\/v2\/posts"}],"about":[{"href":"https:\/\/sfs.infosyslab.fr\/index.php\/wp-json\/wp\/v2\/types\/post"}],"author":[{"embeddable":true,"href":"https:\/\/sfs.infosyslab.fr\/index.php\/wp-json\/wp\/v2\/users\/1"}],"replies":[{"embeddable":true,"href":"https:\/\/sfs.infosyslab.fr\/index.php\/wp-json\/wp\/v2\/comments?post=847"}],"version-history":[{"count":1,"href":"https:\/\/sfs.infosyslab.fr\/index.php\/wp-json\/wp\/v2\/posts\/847\/revisions"}],"predecessor-version":[{"id":848,"href":"https:\/\/sfs.infosyslab.fr\/index.php\/wp-json\/wp\/v2\/posts\/847\/revisions\/848"}],"wp:attachment":[{"href":"https:\/\/sfs.infosyslab.fr\/index.php\/wp-json\/wp\/v2\/media?parent=847"}],"wp:term":[{"taxonomy":"category","embeddable":true,"href":"https:\/\/sfs.infosyslab.fr\/index.php\/wp-json\/wp\/v2\/categories?post=847"},{"taxonomy":"post_tag","embeddable":true,"href":"https:\/\/sfs.infosyslab.fr\/index.php\/wp-json\/wp\/v2\/tags?post=847"}],"curies":[{"name":"wp","href":"https:\/\/api.w.org\/{rel}","templated":true}]}}