{"id":854,"date":"2021-06-19T15:26:31","date_gmt":"2021-06-19T14:26:31","guid":{"rendered":"http:\/\/sfs.snv.jussieu.fr\/?p=854"},"modified":"2021-06-19T15:37:30","modified_gmt":"2021-06-19T14:37:30","slug":"invitation-au-cafesystema-2-avec-nicolas-puillandre-28-juin-a-18h00-suivi-par-les-chroniques-taxarium-lexicon","status":"publish","type":"post","link":"https:\/\/sfs.infosyslab.fr\/index.php\/2021\/06\/19\/invitation-au-cafesystema-2-avec-nicolas-puillandre-28-juin-a-18h00-suivi-par-les-chroniques-taxarium-lexicon\/","title":{"rendered":"Invitation au Caf\u00e9Systema #2 avec Nicolas Puillandre &#8211; 28 juin \u00e0 18h00 &#8211; Suivi par les chroniques Taxarium &#038; Lexicon"},"content":{"rendered":"\n<p>Ch\u00e8res amies, chers amis de la Syst\u00e9matique,<\/p>\n\n\n\n<p>Nous avons le plaisir d&#8217;accueillir&nbsp;Nicolas Puillandre&nbsp;(MCF MNHN-Paris) pour la prochaine conf\u00e9rence des Caf\u00e9Systema, intitul\u00e9e&nbsp;<strong>&#8220;DNA Barcoding, taxonomie ADN et taxonomie int\u00e9grative : s\u00e9parer le bon grain de l&#8217;ivraie&#8221;<\/strong>.&nbsp;La s\u00e9ance aura lieu le&nbsp;<strong>28 juin<\/strong>&nbsp;de&nbsp;<strong>18h00 \u00e0 19h30<\/strong>&nbsp;en visioconf\u00e9rence.<\/p>\n\n\n\n<p>Dans le&nbsp;cadre&nbsp;de ces s\u00e9ances&nbsp;et afin de favoriser le dialogue autour de la Syst\u00e9matique nous vous proposons la chronique&nbsp;<em>Taxarium<\/em>, anim\u00e9e par Nicolas Bekkouche. Un taxon particulier sera pr\u00e9sent\u00e9 par s\u00e9ance. De m\u00eame que la chronique&nbsp;<em>Lexicon<\/em>, qui portera&nbsp;sur le vocabulaire de la nomenclature, sera anim\u00e9e par Elie Mario Saliba. Un concept sera \u00e9galement pr\u00e9sent\u00e9 par s\u00e9ance.<\/p>\n\n\n\n<figure class=\"wp-block-image\"><img loading=\"lazy\" decoding=\"async\" width=\"1024\" height=\"258\" src=\"http:\/\/sfs.snv.jussieu.fr\/wp-content\/uploads\/2021\/06\/CafeSystema-2_affiche-1024x258.jpg\" alt=\"\" class=\"wp-image-853\" srcset=\"https:\/\/sfs.infosyslab.fr\/wp-content\/uploads\/2021\/06\/CafeSystema-2_affiche-1024x258.jpg 1024w, https:\/\/sfs.infosyslab.fr\/wp-content\/uploads\/2021\/06\/CafeSystema-2_affiche-300x76.jpg 300w, https:\/\/sfs.infosyslab.fr\/wp-content\/uploads\/2021\/06\/CafeSystema-2_affiche-768x194.jpg 768w\" sizes=\"auto, (max-width: 1024px) 100vw, 1024px\" \/><\/figure>\n\n\n\n\n\n<p><br>R\u00e9sum\u00e9 Conf\u00e9rence (Nicolas Puillandre) :&nbsp;<br>Les d\u00e9veloppements conceptuels et m\u00e9thodologiques des deux derni\u00e8res d\u00e9cennies ont permis un regain d\u2019int\u00e9r\u00eat pour la taxonomie alpha, m\u00eame si le chemin pour combler le \u201cd\u00e9ficit taxonomique\u201d reste long. En particulier, le \u00ab&nbsp;probl\u00e8me de l\u2019esp\u00e8ce&nbsp;\u00bb ne semble plus si insoluble, et la distinction entre le cadre conceptuel et l\u2019approche pratique de d\u00e9limitation d\u2019esp\u00e8ce a fait \u00e9voluer les pratiques. L\u2019expos\u00e9 reviendra sur l\u2019essor des approches mol\u00e9culaires, et notamment des projets de type \u00ab&nbsp;DNA Barcoding&nbsp;\u00bb, qui ont jou\u00e9 un r\u00f4le moteur pour la taxonomie, et sur l\u2019int\u00e9gration de diff\u00e9rents types de caract\u00e8res dans un contexte int\u00e9gratif qui permet de formaliser l\u2019approche de d\u00e9limitation d\u2019esp\u00e8ces et de renforcer la robustesse des hypoth\u00e8ses taxonomiques. J\u2019insisterai notamment sur les m\u00e9thodes de d\u00e9limitations d\u2019esp\u00e8ces bas\u00e9es sur des s\u00e9quences ADN, et sur les plateformes SpartExplorer et iTaxoTools, actuellement en d\u00e9veloppement. Je terminerai par pr\u00e9senter quelques exemples de taxonomie int\u00e9grative chez les gast\u00e9ropodes Conoidea, en insistant sur l\u2019impact que les hypoth\u00e8ses taxonomiques peuvent avoir dans d\u2019autres domaines scientifiques.<\/p>\n\n\n\n<p>R\u00e9sum\u00e9&nbsp;<em>Taxarium<\/em>&nbsp;(Nicolas Bekkouche) : &#8220;Bref aper\u00e7u de l&#8217;\u00e9tonnante diversit\u00e9 des Heterotardigrada (Tardigrada, Ecdysozoa, Metazoa)&#8221;<br>On a tous entendu parler du tardigrade, cet animal microscopique qui semble pouvoir r\u00e9sister \u00e0 toutes les conditions extr\u00eames qu&#8217;on a l&#8217;originalit\u00e9 de leur faire subir. Ces tardigrades appartenant bien souvent \u00e0 la classe &#8220;Eutardigrada&#8221;. Mais comme souvent lorsqu&#8217;un organisme est mis sous les projecteurs, leurs cong\u00e9n\u00e8res sont quelque peu mis de c\u00f4t\u00e9. Nous allons donc faire un bref tour de la classification et de la diversit\u00e9 des Heterotardigrades, portant parfois d&#8217;incroyables appendices et ornementations, et aux modes de vie vari\u00e9s.<\/p>\n\n\n\n<p>R\u00e9sum\u00e9&nbsp;<em>Lexicon&nbsp;<\/em>(Elie Saliba) : &#8220;Nom scientifique&#8221;<br>Les scientifiques utilisent des noms pour d\u00e9signer des taxons d&#8217;\u00eatres vivants se d\u00e9marquant de ceux utilis\u00e9s par le grand public. Ces noms, dits noms scientifiques, se veulent non-ambigus, universels et communicables. Mais le concept de nom scientifique, largement utilis\u00e9, n&#8217;est pas toujours facile \u00e0 d\u00e9limiter \u00e0 travers le monde et l&#8217;Histoire. Qu&#8217;est-ce exactement qu&#8217;un nom scientifique ?<\/p>\n\n\n\n<p><br>Participer \u00e0 la r\u00e9union Zoom  <a rel=\"noreferrer noopener\" href=\"https:\/\/zoom.us\/j\/99680545330?pwd=cFVUc1NtMFZpNlRYa1BKR2l6ZUtsdz09\" target=\"_blank\">https:\/\/zoom.us\/j\/99680545330?pwd=cFVUc1NtMFZpNlRYa1BKR2l6ZUtsdz09<\/a><br>ID de r\u00e9union : 996 8054 5330  Code secret : 8hxWGD<\/p>\n\n\n\n<p><br>En esp\u00e9rant vous retrouver nombreux \u00e0 ce deuxi\u00e8me Caf\u00e9Systema ! <\/p>\n\n\n\n<p>Bien cordialement, <\/p>\n\n\n\n<p>la SFS<br><\/p>\n","protected":false},"excerpt":{"rendered":"<p>Ch\u00e8res amies, chers amis de la Syst\u00e9matique, Nous avons le plaisir d&#8217;accueillir&nbsp;Nicolas Puillandre&nbsp;(MCF MNHN-Paris) pour la prochaine conf\u00e9rence des Caf\u00e9Systema, intitul\u00e9e&nbsp;&#8220;DNA Barcoding, taxonomie ADN et taxonomie int\u00e9grative : s\u00e9parer le bon grain de l&#8217;ivraie&#8221;.&nbsp;La s\u00e9ance aura lieu le&nbsp;28 juin&nbsp;de&nbsp;18h00 \u00e0 19h30&nbsp;en visioconf\u00e9rence. Dans le&nbsp;cadre&nbsp;de ces s\u00e9ances&nbsp;et afin de favoriser le dialogue autour de la Syst\u00e9matique [&hellip;]<\/p>\n","protected":false},"author":1,"featured_media":0,"comment_status":"open","ping_status":"open","sticky":false,"template":"","format":"standard","meta":{"_monsterinsights_skip_tracking":false,"_monsterinsights_sitenote_active":false,"_monsterinsights_sitenote_note":"","_monsterinsights_sitenote_category":0,"footnotes":""},"categories":[1],"tags":[],"class_list":["post-854","post","type-post","status-publish","format-standard","hentry","category-non-classe"],"_links":{"self":[{"href":"https:\/\/sfs.infosyslab.fr\/index.php\/wp-json\/wp\/v2\/posts\/854","targetHints":{"allow":["GET"]}}],"collection":[{"href":"https:\/\/sfs.infosyslab.fr\/index.php\/wp-json\/wp\/v2\/posts"}],"about":[{"href":"https:\/\/sfs.infosyslab.fr\/index.php\/wp-json\/wp\/v2\/types\/post"}],"author":[{"embeddable":true,"href":"https:\/\/sfs.infosyslab.fr\/index.php\/wp-json\/wp\/v2\/users\/1"}],"replies":[{"embeddable":true,"href":"https:\/\/sfs.infosyslab.fr\/index.php\/wp-json\/wp\/v2\/comments?post=854"}],"version-history":[{"count":2,"href":"https:\/\/sfs.infosyslab.fr\/index.php\/wp-json\/wp\/v2\/posts\/854\/revisions"}],"predecessor-version":[{"id":856,"href":"https:\/\/sfs.infosyslab.fr\/index.php\/wp-json\/wp\/v2\/posts\/854\/revisions\/856"}],"wp:attachment":[{"href":"https:\/\/sfs.infosyslab.fr\/index.php\/wp-json\/wp\/v2\/media?parent=854"}],"wp:term":[{"taxonomy":"category","embeddable":true,"href":"https:\/\/sfs.infosyslab.fr\/index.php\/wp-json\/wp\/v2\/categories?post=854"},{"taxonomy":"post_tag","embeddable":true,"href":"https:\/\/sfs.infosyslab.fr\/index.php\/wp-json\/wp\/v2\/tags?post=854"}],"curies":[{"name":"wp","href":"https:\/\/api.w.org\/{rel}","templated":true}]}}