{"id":892,"date":"2022-04-25T10:18:49","date_gmt":"2022-04-25T09:18:49","guid":{"rendered":"https:\/\/sfs.infosyslab.fr\/?p=892"},"modified":"2022-04-25T11:11:06","modified_gmt":"2022-04-25T10:11:06","slug":"journees-annuelles-15-17-juin-et-appel-a-communications","status":"publish","type":"post","link":"https:\/\/sfs.infosyslab.fr\/index.php\/2022\/04\/25\/journees-annuelles-15-17-juin-et-appel-a-communications\/","title":{"rendered":"Journ\u00e9es annuelles 15-17 juin et appel \u00e0 communications"},"content":{"rendered":"\n<p>Ch\u00e8res amies, chers amis de la Syst\u00e9matique,<\/p>\n\n\n\n<p>Les journ\u00e9es annuelles de la Soci\u00e9t\u00e9 Fran\u00e7aise de Syst\u00e9matique se d\u00e9roulent cette ann\u00e9e \u00e0 l&#8217;<strong>Universit\u00e9 de Rennes 1<\/strong>&nbsp;du&nbsp;<strong>15 au 17 juin<\/strong>. Ce sont&nbsp;<strong>Maxime Herv\u00e9<\/strong>,&nbsp;<strong>St\u00e9phane Derocles<\/strong>&nbsp;et&nbsp;<strong>Paul Simion<\/strong>&nbsp;qui nous invitent \u00e0 discuter&nbsp;<strong>les contours de l&#8217;esp\u00e8ce<\/strong>&nbsp;(pr\u00e9sentation ci-dessous).&nbsp;Ce th\u00e8me vous inspire ? N&#8217;h\u00e9sitez pas \u00e0 nous communiquer vos propositions de communications orales et \/ ou posters (orateur, titre et un court r\u00e9sum\u00e9)&nbsp;jusqu&#8217;au vendredi&nbsp;<strong>27<\/strong><strong>&nbsp;mai<\/strong>.&nbsp;Les inscriptions seront ouvertes le 2 mai.&nbsp;Pour toute information ainsi que pour le d\u00e9p\u00f4t de communications&nbsp;vous pouvez consulter le site d\u00e9di\u00e9 aux journ\u00e9es&nbsp;<a rel=\"noreferrer noopener\" href=\"https:\/\/fr-systematique.sciencesconf.org\/\" target=\"_blank\">https:\/\/fr-systematique.sciencesconf.org\/<\/a>, ainsi que le site de la SFS&nbsp;<a rel=\"noreferrer noopener\" href=\"https:\/\/sfs.infosyslab.fr\/\" target=\"_blank\">https:\/\/sfs.infosyslab.fr\/<\/a>. Ces journ\u00e9es seront prioritairement en pr\u00e9sentiel m\u00eame s&#8217;il sera possible de les suivre \u00e0 distance.<br>L&#8217;assembl\u00e9e g\u00e9n\u00e9rale de la SFS aura&nbsp;\u00e9galement&nbsp;lieu le 17&nbsp;juin.&nbsp;<\/p>\n\n\n\n<p>Nous esp\u00e9rons nous retrouver nombreux\u00a0et nombreuses\u00a0pour faire le point sur ce concept fondamental, parfois\u00a0insaisissable et totalement syst\u00e9matique qu&#8217;est l&#8217;esp\u00e8ce !<br><br>La SFS<br><br>&#8212;&#8212;<br><br>LES CONTOURS DE L&#8217;ESP\u00c8CE: CONCEPTS, APPROCHES ET APPLICATIONS<br><br>La syst\u00e9matique a pour objectif l&#8217;\u00e9tablissement de syst\u00e8mes qui organisent la compr\u00e9hension du vivant, dans son histoire \u00e9volutive et dans sa diversit\u00e9. Ses syst\u00e8mes de classification reposent sur le concept fondamental d&#8217;esp\u00e8ce. Mais comment d\u00e9finir une esp\u00e8ce ? La biodiversit\u00e9 est un continuum produit par des processus \u00e9volutifs eux-m\u00eame continus, alors comment la discr\u00e9tiser, comment \u00e9tablir les contours des esp\u00e8ces ?<br><br>De nombreux concepts d&#8217;esp\u00e8ce ont \u00e9t\u00e9 propos\u00e9s au fil de l&#8217;histoire de la syst\u00e9matique et avec eux de nombreux crit\u00e8res de d\u00e9limitation d&#8217;esp\u00e8ces ont \u00e9t\u00e9 d\u00e9velopp\u00e9s. Faudrait-il concevoir l&#8217;esp\u00e8ce \u00e0 l&#8217;\u00e9chelle des organismes, des g\u00e9nomes ou bien de l&#8217;histoire \u00e9volutive ? La reconnaissance d&#8217;unit\u00e9s de reproduction est obscurcie par les hybridations et les processus continus de sp\u00e9ciation, tandis que celle des unit\u00e9s de structure est obscurcie par la diversit\u00e9 cryptique, et que celle des unit\u00e9s mol\u00e9culaires est obscurcie par des \u00e9v\u00e9nements \u00e9volutifs horizontaux. Complexe, parfois controvers\u00e9e, la d\u00e9limitation des esp\u00e8ces est pourtant fondamentale pour l&#8217;\u00e9tude de la biodiversit\u00e9, en biologie \u00e9volutive comme en \u00e9cologie.<br><br>Quel concept de l&#8217;esp\u00e8ce, quelle m\u00e9thode de d\u00e9limitation choisir pour quel domaine d&#8217;\u00e9tude ?Est-il possible de r\u00e9concilier les notions d\u2019esp\u00e8ces dans un concept unifi\u00e9, int\u00e9gratif ? Quelles sont les cons\u00e9quences de la mise en \u0153uvre d&#8217;une approche plut\u00f4t qu&#8217;une autre sur notre compr\u00e9hension du vivant ?<br><br>Cette ann\u00e9e, les journ\u00e9es de la SFS plongeront au c\u0153ur de la notion centrale de la syst\u00e9matique en accueillant des intervenants qui discuteront des diff\u00e9rents concepts possibles de l&#8217;esp\u00e8ce, des diff\u00e9rentes approches et crit\u00e8res permettant d&#8217;en dessiner les contours, et de la mise en application de ces m\u00e9thodes en syst\u00e9matique et en \u00e9cologie.<br><br>Maxime HERV\u00c9, St\u00e9phane DEROCLES &amp; Paul SIMION.<\/p>\n","protected":false},"excerpt":{"rendered":"<p>Ch\u00e8res amies, chers amis de la Syst\u00e9matique, Les journ\u00e9es annuelles de la Soci\u00e9t\u00e9 Fran\u00e7aise de Syst\u00e9matique se d\u00e9roulent cette ann\u00e9e \u00e0 l&#8217;Universit\u00e9 de Rennes 1&nbsp;du&nbsp;15 au 17 juin. Ce sont&nbsp;Maxime Herv\u00e9,&nbsp;St\u00e9phane Derocles&nbsp;et&nbsp;Paul Simion&nbsp;qui nous invitent \u00e0 discuter&nbsp;les contours de l&#8217;esp\u00e8ce&nbsp;(pr\u00e9sentation ci-dessous).&nbsp;Ce th\u00e8me vous inspire ? N&#8217;h\u00e9sitez pas \u00e0 nous communiquer vos propositions de communications orales [&hellip;]<\/p>\n","protected":false},"author":1,"featured_media":0,"comment_status":"open","ping_status":"open","sticky":false,"template":"","format":"standard","meta":{"_monsterinsights_skip_tracking":false,"_monsterinsights_sitenote_active":false,"_monsterinsights_sitenote_note":"","_monsterinsights_sitenote_category":0,"footnotes":""},"categories":[1],"tags":[],"class_list":["post-892","post","type-post","status-publish","format-standard","hentry","category-non-classe"],"_links":{"self":[{"href":"https:\/\/sfs.infosyslab.fr\/index.php\/wp-json\/wp\/v2\/posts\/892","targetHints":{"allow":["GET"]}}],"collection":[{"href":"https:\/\/sfs.infosyslab.fr\/index.php\/wp-json\/wp\/v2\/posts"}],"about":[{"href":"https:\/\/sfs.infosyslab.fr\/index.php\/wp-json\/wp\/v2\/types\/post"}],"author":[{"embeddable":true,"href":"https:\/\/sfs.infosyslab.fr\/index.php\/wp-json\/wp\/v2\/users\/1"}],"replies":[{"embeddable":true,"href":"https:\/\/sfs.infosyslab.fr\/index.php\/wp-json\/wp\/v2\/comments?post=892"}],"version-history":[{"count":2,"href":"https:\/\/sfs.infosyslab.fr\/index.php\/wp-json\/wp\/v2\/posts\/892\/revisions"}],"predecessor-version":[{"id":905,"href":"https:\/\/sfs.infosyslab.fr\/index.php\/wp-json\/wp\/v2\/posts\/892\/revisions\/905"}],"wp:attachment":[{"href":"https:\/\/sfs.infosyslab.fr\/index.php\/wp-json\/wp\/v2\/media?parent=892"}],"wp:term":[{"taxonomy":"category","embeddable":true,"href":"https:\/\/sfs.infosyslab.fr\/index.php\/wp-json\/wp\/v2\/categories?post=892"},{"taxonomy":"post_tag","embeddable":true,"href":"https:\/\/sfs.infosyslab.fr\/index.php\/wp-json\/wp\/v2\/tags?post=892"}],"curies":[{"name":"wp","href":"https:\/\/api.w.org\/{rel}","templated":true}]}}